{"id":5147,"date":"2017-06-07T14:07:44","date_gmt":"2017-06-07T19:07:44","guid":{"rendered":"http:\/\/www.inter-accion.com.mx\/?p=5147"},"modified":"2017-06-07T14:07:44","modified_gmt":"2017-06-07T19:07:44","slug":"muere-policia-estatal-herido-en-tixtla","status":"publish","type":"post","link":"https:\/\/www.interaccionnoticias.com.mx\/?p=5147","title":{"rendered":"Muere polic\u00eda estatal herido en Tixtla"},"content":{"rendered":"<p>Muere polic\u00eda estatal herido en Tixtlar<br \/>\ntras enfrentamiento con grupo del crimen organizado<br \/>\nEl Grupo de Coordinaci\u00f3n Guerrero (GCG) confirm\u00f3 la muerte de Alberto Ju\u00e1rez Carmona, polic\u00eda preventivo estatal herido de bala en el enfrentamiento con supuestos sicarios del crimen organizado la tarde del domingo 4 de junio, en la cabecera municipal de Tixtla.<br \/>\nRoberto Alvarez Heredia, vocero oficial del GCG, informo que el deceso del elemento de la Secretar\u00eda de Seguridad P\u00fablica (SSP) se gener\u00f3 alrededor de las 19:15 horas en el hospital general Raymundo Abarca Alarc\u00f3n, en donde se le atend\u00eda por las lesiones de bala que le provocaron los sicarios con los que se enfrent\u00f3 en la avenida de los Insurgentes, en Tixtla.<br \/>\nJu\u00e1rez Carmona, de 42 a\u00f1os tambi\u00e9n habr\u00eda sido alcanzado por las esquirlas de una granada de fragmentaci\u00f3n lanzada por los delincuentes, que corrieron a esconderse en varias casas particulares. &nbsp;&nbsp;<br \/>\nEl elemento fallecido estaba adscrito a la Unidad de Fuerzas Especiales de la SSP, ten\u00eda una antig\u00fcedad de 9 a\u00f1os, 11 meses y cinco d\u00edas en la dependencia.<br \/>\nLa bala que le cost\u00f3 la vida, de acuerdo al reporte del GCG, penetr\u00f3 en la regi\u00f3n del t\u00f3rax, provocando derrame pleural total izquierdo, adem\u00e1s la p\u00e9rdida de una parte del estern\u00f3n y arcos costales.<br \/>\nLa misma bala lesion\u00f3 la arteria mamaria izquierda y en el l\u00f3bulo superior del pulm\u00f3n izquierdo.<br \/>\nPese a que el polic\u00eda recibi\u00f3 la atenci\u00f3n correspondiente, muri\u00f3 tras dos d\u00edas de agon\u00eda.<\/p>\n","protected":false},"excerpt":{"rendered":"<p>Muere polic\u00eda estatal herido en Tixtlar tras enfrentamiento con grupo del crimen organizado El Grupo de Coordinaci\u00f3n Guerrero (GCG) confirm\u00f3 la muerte de Alberto Ju\u00e1rez Carmona, polic\u00eda preventivo estatal herido&hellip; <\/p>\n","protected":false},"author":1,"featured_media":0,"comment_status":"closed","ping_status":"closed","sticky":false,"template":"","format":"standard","meta":{"fifu_image_url":"","fifu_image_alt":"","footnotes":""},"categories":[8,27],"tags":[],"class_list":["post-5147","post","type-post","status-publish","format-standard","hentry","category-featured","category-seguridad-publica"],"_links":{"self":[{"href":"https:\/\/www.interaccionnoticias.com.mx\/index.php?rest_route=\/wp\/v2\/posts\/5147","targetHints":{"allow":["GET"]}}],"collection":[{"href":"https:\/\/www.interaccionnoticias.com.mx\/index.php?rest_route=\/wp\/v2\/posts"}],"about":[{"href":"https:\/\/www.interaccionnoticias.com.mx\/index.php?rest_route=\/wp\/v2\/types\/post"}],"author":[{"embeddable":true,"href":"https:\/\/www.interaccionnoticias.com.mx\/index.php?rest_route=\/wp\/v2\/users\/1"}],"replies":[{"embeddable":true,"href":"https:\/\/www.interaccionnoticias.com.mx\/index.php?rest_route=%2Fwp%2Fv2%2Fcomments&post=5147"}],"version-history":[{"count":0,"href":"https:\/\/www.interaccionnoticias.com.mx\/index.php?rest_route=\/wp\/v2\/posts\/5147\/revisions"}],"wp:attachment":[{"href":"https:\/\/www.interaccionnoticias.com.mx\/index.php?rest_route=%2Fwp%2Fv2%2Fmedia&parent=5147"}],"wp:term":[{"taxonomy":"category","embeddable":true,"href":"https:\/\/www.interaccionnoticias.com.mx\/index.php?rest_route=%2Fwp%2Fv2%2Fcategories&post=5147"},{"taxonomy":"post_tag","embeddable":true,"href":"https:\/\/www.interaccionnoticias.com.mx\/index.php?rest_route=%2Fwp%2Fv2%2Ftags&post=5147"}],"curies":[{"name":"wp","href":"https:\/\/api.w.org\/{rel}","templated":true}]}}