{"id":51453,"date":"2022-10-04T18:06:15","date_gmt":"2022-10-04T23:06:15","guid":{"rendered":"https:\/\/interaccionnoticias.com.mx\/?p=51453"},"modified":"2022-10-04T18:06:20","modified_gmt":"2022-10-04T23:06:20","slug":"instala-evelyn-salgado-y-toma-protesta-al-patronato-del-hospital-de-la-madre-y-el-nino-guerrerense","status":"publish","type":"post","link":"https:\/\/www.interaccionnoticias.com.mx\/?p=51453","title":{"rendered":"Instala Evelyn Salgado y toma protesta al Patronato del Hospital de la Madre y el Ni\u00f1o Guerrerense"},"content":{"rendered":"\n<p>&#8212; \u00abTenemos la convicci\u00f3n de transformar la salud en Guerrero como un derecho de todos los guerrerenses\u00bb, se\u00f1al\u00f3 la gobernadora<\/p>\n\n\n\n<p>Chilpancingo, Gro., 04 de octubre del 2022. &#8211; Para reforzar los trabajos de transformaci\u00f3n enfocados a mejorar y preservar la salud de la poblaci\u00f3n, la gobernadora Evelyn Salgado Pineda, instal\u00f3 y tom\u00f3 protesta a las y los integrantes del Patronato Honorario del Hospital de la Madre y el Ni\u00f1o Guerrerense, a quienes refrend\u00f3 su apoyo y respaldo a la instituci\u00f3n m\u00e9dica en bien de la poblaci\u00f3n.<\/p>\n\n\n\n<p>\u00abEsta administraci\u00f3n tiene la gran responsabilidad y la convicci\u00f3n de coraz\u00f3n, de transformar la salud en Guerrero y que sea un derecho para todas y todos los guerrerenses, con acceso a la salud en todas y cada una de las comunidades, esa es la invitaci\u00f3n para todos los trabajadores de la salud\u00bb, expres\u00f3 Evelyn Salgado durante el evento celebrado en la Casa del Pueblo.<\/p>\n\n\n\n<p>La mandataria estatal, se\u00f1al\u00f3 que el Hospital de la Madre y el Ni\u00f1o Guerrerense, es punta de lanza de una estrategia amplia y transversal para garantizar los derechos elementales de las mujeres y la ni\u00f1ez guerrerense al garantizar una atenci\u00f3n de calidad y calidez, empezando por los grupos prioritarios en el estado.<\/p>\n\n\n\n<p>En su mensaje, la gobernadora, reconoci\u00f3 a las y los integrantes de este \u00f3rgano colegiado honorario por integrarse y dedicarse a esta labor altruista de poder ayudar a las madres, mujeres y a los ni\u00f1os guerrerenses, al tiempo de entregar reconocimientos al patronato saliente por su trabajo en favor del Hospital de la Madre y el Ni\u00f1o Guerrerense en Chilpancingo.<\/p>\n\n\n\n<p>\u00abLa mejor recompensa que van a tener es ver la sonrisa de las ni\u00f1as y ni\u00f1os, mujeres y madres. Las y los invito a que redoblemos esfuerzos para mantener esa convicci\u00f3n incansable por la salud, bienestar de todas las mujeres y ni\u00f1os de Guerrero. Enhorabuena por esta nueva encomienda, juntas y juntos vamos a seguir transformando la salud\u00bb, puntualiz\u00f3 la gobernadora.<\/p>\n\n\n\n<p>Durante este evento, Evelyn Salgado, tom\u00f3 protesta a los integrantes honorarios del Patronato del Hospital de la Madre y el Ni\u00f1o Guerrerense, presidido por Olivia Fuentes Brito, la secretaria, Griselda Mariza Alarc\u00f3n V\u00e9lez, la tesorera, Iris San Rom\u00e1n y las vocales Marlen Basilio, Gabriela Fuentes Brito, Mar\u00eda de Jes\u00fas Pineda Echeverr\u00eda, Isabel Hern\u00e1ndez Torres y Hugo Alejandro Arcos Adame.<\/p>\n\n\n\n<p>Asistieron la Presidenta del Sistema DIF Estatal, Liz Adriana Salgado Pineda; el Director del Hospital de la Madre y el Ni\u00f1o Guerrerense, Carlos Michel Gonz\u00e1lez Jim\u00e9nez; el Subsecretario de Control y Prevenci\u00f3n de Enfermedades de la Secretar\u00eda de Salud, Jes\u00fas Ulises Adame Reyna y el subsecretario de Administraci\u00f3n y Finanzas, Ricardo Salinas M\u00e9ndez, entre otros funcionarios estatales.<br><\/p>\n\n\n\n<figure class=\"wp-block-gallery columns-2 is-cropped wp-block-gallery-1 is-layout-flex wp-block-gallery-is-layout-flex\"><ul class=\"blocks-gallery-grid\"><li class=\"blocks-gallery-item\"><figure><img decoding=\"async\" src=\"data:image\/gif;base64,R0lGODlhAQABAIAAAAAAAP\/\/\/ywAAAAAAQABAAACAUwAOw==\" fifu-lazy=\"1\" fifu-data-sizes=\"auto\" fifu-data-srcset=\"https:\/\/i1.wp.com\/interaccionnoticias.com.mx\/wp-content\/uploads\/2022\/10\/221004-Evelyn-Salgado-2.jpg?ssl=1&w=75&resize=75&ssl=1 75w, https:\/\/i1.wp.com\/interaccionnoticias.com.mx\/wp-content\/uploads\/2022\/10\/221004-Evelyn-Salgado-2.jpg?ssl=1&w=100&resize=100&ssl=1 100w, https:\/\/i1.wp.com\/interaccionnoticias.com.mx\/wp-content\/uploads\/2022\/10\/221004-Evelyn-Salgado-2.jpg?ssl=1&w=150&resize=150&ssl=1 150w, https:\/\/i1.wp.com\/interaccionnoticias.com.mx\/wp-content\/uploads\/2022\/10\/221004-Evelyn-Salgado-2.jpg?ssl=1&w=240&resize=240&ssl=1 240w, https:\/\/i1.wp.com\/interaccionnoticias.com.mx\/wp-content\/uploads\/2022\/10\/221004-Evelyn-Salgado-2.jpg?ssl=1&w=320&resize=320&ssl=1 320w, https:\/\/i1.wp.com\/interaccionnoticias.com.mx\/wp-content\/uploads\/2022\/10\/221004-Evelyn-Salgado-2.jpg?ssl=1&w=500&resize=500&ssl=1 500w, https:\/\/i1.wp.com\/interaccionnoticias.com.mx\/wp-content\/uploads\/2022\/10\/221004-Evelyn-Salgado-2.jpg?ssl=1&w=640&resize=640&ssl=1 640w, https:\/\/i1.wp.com\/interaccionnoticias.com.mx\/wp-content\/uploads\/2022\/10\/221004-Evelyn-Salgado-2.jpg?ssl=1&w=800&resize=800&ssl=1 800w, https:\/\/i1.wp.com\/interaccionnoticias.com.mx\/wp-content\/uploads\/2022\/10\/221004-Evelyn-Salgado-2.jpg?ssl=1&w=1024&resize=1024&ssl=1 1024w, https:\/\/i1.wp.com\/interaccionnoticias.com.mx\/wp-content\/uploads\/2022\/10\/221004-Evelyn-Salgado-2.jpg?ssl=1&w=1280&resize=1280&ssl=1 1280w, https:\/\/i1.wp.com\/interaccionnoticias.com.mx\/wp-content\/uploads\/2022\/10\/221004-Evelyn-Salgado-2.jpg?ssl=1&w=1600&resize=1600&ssl=1 1600w\" fifu-data-src=\"https:\/\/i1.wp.com\/interaccionnoticias.com.mx\/wp-content\/uploads\/2022\/10\/221004-Evelyn-Salgado-2.jpg?ssl=1\" alt=\"\" data-id=\"51454\" data-full-url=\"https:\/\/i1.wp.com\/interaccionnoticias.com.mx\/wp-content\/uploads\/2022\/10\/221004-Evelyn-Salgado-2.jpg?ssl=1\" data-link=\"https:\/\/interaccionnoticias.com.mx\/?attachment_id=51454\" class=\"wp-image-51454\"\/><\/figure><\/li><li class=\"blocks-gallery-item\"><figure><img decoding=\"async\" src=\"data:image\/gif;base64,R0lGODlhAQABAIAAAAAAAP\/\/\/ywAAAAAAQABAAACAUwAOw==\" fifu-lazy=\"1\" fifu-data-sizes=\"auto\" fifu-data-srcset=\"https:\/\/i1.wp.com\/interaccionnoticias.com.mx\/wp-content\/uploads\/2022\/10\/221004-Evelyn-Salgado-1.jpg?ssl=1&w=75&resize=75&ssl=1 75w, https:\/\/i1.wp.com\/interaccionnoticias.com.mx\/wp-content\/uploads\/2022\/10\/221004-Evelyn-Salgado-1.jpg?ssl=1&w=100&resize=100&ssl=1 100w, https:\/\/i1.wp.com\/interaccionnoticias.com.mx\/wp-content\/uploads\/2022\/10\/221004-Evelyn-Salgado-1.jpg?ssl=1&w=150&resize=150&ssl=1 150w, https:\/\/i1.wp.com\/interaccionnoticias.com.mx\/wp-content\/uploads\/2022\/10\/221004-Evelyn-Salgado-1.jpg?ssl=1&w=240&resize=240&ssl=1 240w, https:\/\/i1.wp.com\/interaccionnoticias.com.mx\/wp-content\/uploads\/2022\/10\/221004-Evelyn-Salgado-1.jpg?ssl=1&w=320&resize=320&ssl=1 320w, https:\/\/i1.wp.com\/interaccionnoticias.com.mx\/wp-content\/uploads\/2022\/10\/221004-Evelyn-Salgado-1.jpg?ssl=1&w=500&resize=500&ssl=1 500w, https:\/\/i1.wp.com\/interaccionnoticias.com.mx\/wp-content\/uploads\/2022\/10\/221004-Evelyn-Salgado-1.jpg?ssl=1&w=640&resize=640&ssl=1 640w, https:\/\/i1.wp.com\/interaccionnoticias.com.mx\/wp-content\/uploads\/2022\/10\/221004-Evelyn-Salgado-1.jpg?ssl=1&w=800&resize=800&ssl=1 800w, https:\/\/i1.wp.com\/interaccionnoticias.com.mx\/wp-content\/uploads\/2022\/10\/221004-Evelyn-Salgado-1.jpg?ssl=1&w=1024&resize=1024&ssl=1 1024w, https:\/\/i1.wp.com\/interaccionnoticias.com.mx\/wp-content\/uploads\/2022\/10\/221004-Evelyn-Salgado-1.jpg?ssl=1&w=1280&resize=1280&ssl=1 1280w, https:\/\/i1.wp.com\/interaccionnoticias.com.mx\/wp-content\/uploads\/2022\/10\/221004-Evelyn-Salgado-1.jpg?ssl=1&w=1600&resize=1600&ssl=1 1600w\" fifu-data-src=\"https:\/\/i1.wp.com\/interaccionnoticias.com.mx\/wp-content\/uploads\/2022\/10\/221004-Evelyn-Salgado-1.jpg?ssl=1\" alt=\"\" data-id=\"51455\" data-full-url=\"https:\/\/i1.wp.com\/interaccionnoticias.com.mx\/wp-content\/uploads\/2022\/10\/221004-Evelyn-Salgado-1.jpg?ssl=1\" data-link=\"https:\/\/interaccionnoticias.com.mx\/?attachment_id=51455\" class=\"wp-image-51455\"\/><\/figure><\/li><\/ul><\/figure>\n","protected":false},"excerpt":{"rendered":"<p>&#8212; \u00abTenemos la convicci\u00f3n de transformar la salud en Guerrero como un derecho de todos los guerrerenses\u00bb, se\u00f1al\u00f3 la gobernadora Chilpancingo, Gro., 04 de octubre del 2022. &#8211; Para reforzar&hellip; <\/p>\n","protected":false},"author":19,"featured_media":51454,"comment_status":"open","ping_status":"open","sticky":false,"template":"","format":"standard","meta":{"fifu_image_url":"","fifu_image_alt":"","footnotes":""},"categories":[11],"tags":[],"class_list":["post-51453","post","type-post","status-publish","format-standard","has-post-thumbnail","hentry","category-guerrero"],"_links":{"self":[{"href":"https:\/\/www.interaccionnoticias.com.mx\/index.php?rest_route=\/wp\/v2\/posts\/51453","targetHints":{"allow":["GET"]}}],"collection":[{"href":"https:\/\/www.interaccionnoticias.com.mx\/index.php?rest_route=\/wp\/v2\/posts"}],"about":[{"href":"https:\/\/www.interaccionnoticias.com.mx\/index.php?rest_route=\/wp\/v2\/types\/post"}],"author":[{"embeddable":true,"href":"https:\/\/www.interaccionnoticias.com.mx\/index.php?rest_route=\/wp\/v2\/users\/19"}],"replies":[{"embeddable":true,"href":"https:\/\/www.interaccionnoticias.com.mx\/index.php?rest_route=%2Fwp%2Fv2%2Fcomments&post=51453"}],"version-history":[{"count":1,"href":"https:\/\/www.interaccionnoticias.com.mx\/index.php?rest_route=\/wp\/v2\/posts\/51453\/revisions"}],"predecessor-version":[{"id":51456,"href":"https:\/\/www.interaccionnoticias.com.mx\/index.php?rest_route=\/wp\/v2\/posts\/51453\/revisions\/51456"}],"wp:featuredmedia":[{"embeddable":true,"href":"https:\/\/www.interaccionnoticias.com.mx\/index.php?rest_route=\/wp\/v2\/media\/51454"}],"wp:attachment":[{"href":"https:\/\/www.interaccionnoticias.com.mx\/index.php?rest_route=%2Fwp%2Fv2%2Fmedia&parent=51453"}],"wp:term":[{"taxonomy":"category","embeddable":true,"href":"https:\/\/www.interaccionnoticias.com.mx\/index.php?rest_route=%2Fwp%2Fv2%2Fcategories&post=51453"},{"taxonomy":"post_tag","embeddable":true,"href":"https:\/\/www.interaccionnoticias.com.mx\/index.php?rest_route=%2Fwp%2Fv2%2Ftags&post=51453"}],"curies":[{"name":"wp","href":"https:\/\/api.w.org\/{rel}","templated":true}]}}