{"id":51450,"date":"2022-10-04T17:58:27","date_gmt":"2022-10-04T22:58:27","guid":{"rendered":"https:\/\/interaccionnoticias.com.mx\/?p=51450"},"modified":"2022-10-04T17:58:32","modified_gmt":"2022-10-04T22:58:32","slug":"renuncia-marco-cesar-armenta-al-pri","status":"publish","type":"post","link":"https:\/\/www.interaccionnoticias.com.mx\/?p=51450","title":{"rendered":"Renuncia Marco C\u00e9sar Armenta al PRI"},"content":{"rendered":"\n<p><strong><em>&#8212; Tras 30 a\u00f1os de militancia, asegura que ese partido ahora carece de proyecto de naci\u00f3n<\/em><\/strong><\/p>\n\n\n\n<p><strong>Rosario Garc\u00eda Orozco<\/strong><\/p>\n\n\n\n<p>Chilpancingo, Gro., 4 de octubre del 2022.- Luego de 30 a\u00f1os de militancia en el PRI, Marco C\u00e9sar Armenta Adame anunci\u00f3 su renuncia a ese partido del que asegur\u00f3 que ahora \u00abno tiene proyecto de naci\u00f3n\u00bb.<\/p>\n\n\n\n<p>En una \u00abCarta de renuncia\u00bb que public\u00f3 en el muro de su Facebook, Armenta Adame lament\u00f3 que el voto interno para dirigir a ese instituto pol\u00edtico nacional \u00abse vea hoy lastimado y vilipendiado. Muchos y muchas depositamos la confianza en tan gloriosa instituci\u00f3n, con el \u00fanico fin de vivir en un M\u00e9xico mejor\u00bb.<\/p>\n\n\n\n<p>Mencion\u00f3 que en ese partido se han olvidado de las y los millones de mexicanos que viven a diario la pobreza extrema, limitaci\u00f3n y marginaci\u00f3n a la clase obrera, la carencia de empleos, personas campesinas que han dado su vida entera al campo mexicano para dar el sustento diario, y la juventud qued\u00f3 olvidada, y hoy carece de proyectos y oportunidades.<\/p>\n\n\n\n<p>\u00abOlvidadas tambi\u00e9n se encuentran millones de mujeres que viven en la zozobra, con miedo y un machismo convertido en c\u00e1ncer de la sociedad. Muchas y muchos mexicanos perdieron la fe en un partido que fue grande y ahora lamentablemente por falta de verdaderas dirigencias y liderazgos, carece de un proyecto de naci\u00f3n\u00bb, se lee en la publicaci\u00f3n.<\/p>\n\n\n\n<p>De esa manera Marco C\u00e9sar Armenta inform\u00f3 a la opini\u00f3n p\u00fablica sobre su renuncia al PRI, partido en el que milit\u00f3 por 30 a\u00f1os, \u00abdonde siempre me disciplin\u00e9, nunca baj\u00e9 la cabeza, ni lo har\u00e9. Agradezco infinitamente a las y los priistas que confiaron y seguir\u00e1n confiando en mi persona, porque siempre ser\u00e9 vertical\u00bb.<\/p>\n\n\n\n<p>Agreg\u00f3: \u00abRenuncio al partido, no as\u00ed a mis valores universales, que seguir\u00e1n siendo una vez m\u00e1s mi gu\u00eda, seguir\u00e9 sirviendo a mi naci\u00f3n\u00bb.<\/p>\n\n\n\n<p>Armenta Adame en el PRI fue s\u00edndico, y tuvo algunos cargos en los comit\u00e9s municipal y estatal de ese partido, adem\u00e1s fue candidato a diputado en dos ocasiones.<\/p>\n\n\n\n<p>Tambi\u00e9n ha sido secretario particular del gobernador, H\u00e9ctor Astudillo Flores y fue titular de la recaudaci\u00f3n fiscal en la zona Centro del estado.<br><\/p>\n","protected":false},"excerpt":{"rendered":"<p>&#8212; Tras 30 a\u00f1os de militancia, asegura que ese partido ahora carece de proyecto de naci\u00f3n Rosario Garc\u00eda Orozco Chilpancingo, Gro., 4 de octubre del 2022.- Luego de 30 a\u00f1os&hellip; <\/p>\n","protected":false},"author":14,"featured_media":51451,"comment_status":"open","ping_status":"open","sticky":false,"template":"","format":"standard","meta":{"fifu_image_url":"","fifu_image_alt":"","footnotes":""},"categories":[18],"tags":[],"class_list":["post-51450","post","type-post","status-publish","format-standard","has-post-thumbnail","hentry","category-partidos-politicos"],"_links":{"self":[{"href":"https:\/\/www.interaccionnoticias.com.mx\/index.php?rest_route=\/wp\/v2\/posts\/51450","targetHints":{"allow":["GET"]}}],"collection":[{"href":"https:\/\/www.interaccionnoticias.com.mx\/index.php?rest_route=\/wp\/v2\/posts"}],"about":[{"href":"https:\/\/www.interaccionnoticias.com.mx\/index.php?rest_route=\/wp\/v2\/types\/post"}],"author":[{"embeddable":true,"href":"https:\/\/www.interaccionnoticias.com.mx\/index.php?rest_route=\/wp\/v2\/users\/14"}],"replies":[{"embeddable":true,"href":"https:\/\/www.interaccionnoticias.com.mx\/index.php?rest_route=%2Fwp%2Fv2%2Fcomments&post=51450"}],"version-history":[{"count":1,"href":"https:\/\/www.interaccionnoticias.com.mx\/index.php?rest_route=\/wp\/v2\/posts\/51450\/revisions"}],"predecessor-version":[{"id":51452,"href":"https:\/\/www.interaccionnoticias.com.mx\/index.php?rest_route=\/wp\/v2\/posts\/51450\/revisions\/51452"}],"wp:featuredmedia":[{"embeddable":true,"href":"https:\/\/www.interaccionnoticias.com.mx\/index.php?rest_route=\/wp\/v2\/media\/51451"}],"wp:attachment":[{"href":"https:\/\/www.interaccionnoticias.com.mx\/index.php?rest_route=%2Fwp%2Fv2%2Fmedia&parent=51450"}],"wp:term":[{"taxonomy":"category","embeddable":true,"href":"https:\/\/www.interaccionnoticias.com.mx\/index.php?rest_route=%2Fwp%2Fv2%2Fcategories&post=51450"},{"taxonomy":"post_tag","embeddable":true,"href":"https:\/\/www.interaccionnoticias.com.mx\/index.php?rest_route=%2Fwp%2Fv2%2Ftags&post=51450"}],"curies":[{"name":"wp","href":"https:\/\/api.w.org\/{rel}","templated":true}]}}