{"id":5127,"date":"2017-06-06T18:59:29","date_gmt":"2017-06-06T23:59:29","guid":{"rendered":"http:\/\/www.inter-accion.com.mx\/?p=5127"},"modified":"2017-06-06T18:59:29","modified_gmt":"2017-06-06T23:59:29","slug":"presentan-a-la-fiscal-especializada-en-la-atencion-a-periodistas","status":"publish","type":"post","link":"https:\/\/www.interaccionnoticias.com.mx\/?p=5127","title":{"rendered":"Presentan a la Fiscal Especializada en la Atenci\u00f3n a Periodistas"},"content":{"rendered":"<p><strong>Tras reuni\u00f3n con comunicadores de las siete regiones<\/strong><br \/>\n&nbsp;<br \/>\nTras una reuni\u00f3n con comunicadores de las siete regiones de Guerrero, el gobernador H\u00e9ctor Astudillo Flores present\u00f3 a la abogada Rigoberta Rom\u00e1n Orea como la titular de la Fiscal\u00eda Especializada en la Atenci\u00f3n de los Periodistas (FEAP), en el contexto de la implementaci\u00f3n de los mecanismos encaminados a proteger a los comunicadores.<br \/>\nLa reuni\u00f3n se desarroll\u00f3 en la Sala de la Rep\u00fablica de la residencia oficial Casa Guerrero, tuvo una duraci\u00f3n de m\u00e1s de tres horas y participaron al menos 20 trabajadores de diferentes medios de comunicaci\u00f3n tras escuchar la explicaci\u00f3n del mecanismo, expuesta por el secretario general de Gobierno, Florencio Salazar Adame.<br \/>\nLa moderaci\u00f3n estuvo a cargo de la directora de Comunicaci\u00f3n Social, Erika Lursh Cort\u00e9s, pero tambi\u00e9n estuvieron presentes funcionarios como Xavier Ignacio Olea Pel\u00e1ez, titular de la Fiscal\u00eda General del Estado (FGE), Tulio Estrada Ap\u00e1tiga, subsecretario de Finanzas y Ramiro Avila Morales, delegado en Guerrero de la Secretar\u00eda de Gobernaci\u00f3n federal.<br \/>\nSe hizo \u00e9nfasis en el hecho de que el Mecanismo de Protecci\u00f3n a Periodistas es un planteamiento que surge del gobierno federal, que implica la creaci\u00f3n de \u00f3rganos de gobierno en los que estar\u00e1n incorporados los trabajadores de los medios de comunicaci\u00f3n.<br \/>\nEl mandatario estatal indic\u00f3 la necesidad de que todas las organizaciones que incorporen a reporteros se sumen a las reuniones en las que se dialogar\u00e1 sobre el mecanismo, para efecto de establecer con claridad cuales son las propuestas que se van a tomar en cuenta en la conformaci\u00f3n de la Junta de Gobierno, Consejo Consultivo y la unidad de an\u00e1lisis de riesgo.<br \/>\nEn el encuentro &nbsp;se mencion\u00f3 la necesidad de mandar mensajes, en el sentido de que ning\u00fan agravio que vulnere las libertades de las personas, incluidos los reporteros, quedar\u00e1 impune.<br \/>\nSe habl\u00f3 sobre las complicaciones que tiene el hecho de ejercer el periodismo en una entidad como Guerrero, en donde los grupos del crimen organizado tienen amplias zonas &nbsp;bajo su control.<br \/>\nSe mencion\u00f3 la necesidad de sancionar a las personas que cometan actos que constituyan agresiones hacia los comunicadores, ya que en los asuntos que se han registrado en los primeros a\u00f1os de la administraci\u00f3n del gobernador Astudillo Flores, no se tiene hasta el momento informaci\u00f3n relacionada con la detenci\u00f3n de alg\u00fan agresor.<br \/>\nLos asesinatos cometidos en contra de Francisco Pacheco Beltr\u00e1n, reportero de radio en Taxco de Alarc\u00f3n y Cecilio Pineda Birto, asesinado en Ciudad Altamirano, hasta el momento no se tiene conocimiento de sanciones aplicadas, lo que de alguna manera fomenta la impunidad.<br \/>\nSe record\u00f3 el agravio que constituye el hecho de que una c\u00e9lula del crimen organizado haya detenido a siete trabajadores de los medios en las inmediaciones de Acapetlahuaya, municipio ubicado en la Zona Norte de la entidad, los que fueron despojados de sus instrumentos de trabajo y de un veh\u00edculo.<br \/>\nSe precis\u00f3 que no se trata de generar condiciones de excepci\u00f3n para los comunicadores, aunque s\u00ed de reconocer que se trata de un sector de la sociedad que desempe\u00f1a una profesi\u00f3n de riesgo, de ah\u00ed que el gobierno federal haya tomado la iniciativa de poner en marcha dicho mecanismo.<br \/>\nEl gobernador explic\u00f3 que el mecanismo no podr\u00e1 avanzar solo con la directriz del gobierno estatal, de ah\u00ed que se proponga la incorporaci\u00f3n de 4 representantes del gremio period\u00edstico a la Junta de Gobierno y 9 en el Consejo Consultivo.<br \/>\nEn la parte final de la reuni\u00f3n, el mandatario estatal present\u00f3 a la abogada Rigoberta Rom\u00e1n Orea como responsable de lo que ser\u00e1 la Fiscal\u00eda Especializada en Atenci\u00f3n a los Periodistas (FEAP), la que dijo, tiene experiencia en el \u00e1mbito de los derechos humanos.<br \/>\nNo hubo objeciones por parte de los comunicadores que estuvieron presentes en la reuni\u00f3n.<br \/>\nEn el organigrama de la administraci\u00f3n estatal, Rom\u00e1n Orea aparece como Directora de Seguimiento, Evaluaci\u00f3n y Control de Derechos Humanos de la Secretar\u00eda General de Gobierno, dependencia a cargo de Florencio Salazar Adame.<br \/>\nEl gobernador propuso que en la FEAD se incorpore un representante de los medios por cada una de las siete regiones de la entidad, lo que se qued\u00f3 en el aire.<br \/>\n&nbsp;&nbsp;<\/p>\n","protected":false},"excerpt":{"rendered":"<p>Tras reuni\u00f3n con comunicadores de las siete regiones &nbsp; Tras una reuni\u00f3n con comunicadores de las siete regiones de Guerrero, el gobernador H\u00e9ctor Astudillo Flores present\u00f3 a la abogada Rigoberta&hellip; <\/p>\n","protected":false},"author":1,"featured_media":0,"comment_status":"closed","ping_status":"closed","sticky":false,"template":"","format":"standard","meta":{"fifu_image_url":"","fifu_image_alt":"","footnotes":""},"categories":[8,15],"tags":[],"class_list":["post-5127","post","type-post","status-publish","format-standard","hentry","category-featured","category-movimientos-sociales"],"_links":{"self":[{"href":"https:\/\/www.interaccionnoticias.com.mx\/index.php?rest_route=\/wp\/v2\/posts\/5127","targetHints":{"allow":["GET"]}}],"collection":[{"href":"https:\/\/www.interaccionnoticias.com.mx\/index.php?rest_route=\/wp\/v2\/posts"}],"about":[{"href":"https:\/\/www.interaccionnoticias.com.mx\/index.php?rest_route=\/wp\/v2\/types\/post"}],"author":[{"embeddable":true,"href":"https:\/\/www.interaccionnoticias.com.mx\/index.php?rest_route=\/wp\/v2\/users\/1"}],"replies":[{"embeddable":true,"href":"https:\/\/www.interaccionnoticias.com.mx\/index.php?rest_route=%2Fwp%2Fv2%2Fcomments&post=5127"}],"version-history":[{"count":0,"href":"https:\/\/www.interaccionnoticias.com.mx\/index.php?rest_route=\/wp\/v2\/posts\/5127\/revisions"}],"wp:attachment":[{"href":"https:\/\/www.interaccionnoticias.com.mx\/index.php?rest_route=%2Fwp%2Fv2%2Fmedia&parent=5127"}],"wp:term":[{"taxonomy":"category","embeddable":true,"href":"https:\/\/www.interaccionnoticias.com.mx\/index.php?rest_route=%2Fwp%2Fv2%2Fcategories&post=5127"},{"taxonomy":"post_tag","embeddable":true,"href":"https:\/\/www.interaccionnoticias.com.mx\/index.php?rest_route=%2Fwp%2Fv2%2Ftags&post=5127"}],"curies":[{"name":"wp","href":"https:\/\/api.w.org\/{rel}","templated":true}]}}