{"id":51096,"date":"2022-09-26T13:37:06","date_gmt":"2022-09-26T18:37:06","guid":{"rendered":"https:\/\/interaccionnoticias.com.mx\/?p=51096"},"modified":"2022-09-26T13:37:10","modified_gmt":"2022-09-26T18:37:10","slug":"aun-no-se-si-fue-confusion-o-ataque-directo-dice-mama-de-el-zurdito-jugador-asesinado-la-noche-de-iguala","status":"publish","type":"post","link":"https:\/\/www.interaccionnoticias.com.mx\/?p=51096","title":{"rendered":"\u201cA\u00fan no s\u00e9 si fue confusi\u00f3n o ataque directo\u201d, dice mam\u00e1 de \u201cEl Zurdito\u201d, jugador asesinado la noche de Iguala"},"content":{"rendered":"\n<p><strong><em>&#8212; El cami\u00f3n de \u201cLos Avispones\u201d era muy diferente a los autobuses de los normalistas rurales, se\u00f1ala la madre de familia<br>&#8212; \u201cA nosotros nadie nos ha dicho nada\u201d, reprocha a las autoridades<\/em><\/strong><\/p>\n\n\n\n<p><strong>Rogelio Agust\u00edn<\/strong><\/p>\n\n\n\n<p>\u201cA\u00fan no s\u00e9 si en realidad fue una confusi\u00f3n o si se trat\u00f3 de un ataque directo\u201d, dijo la se\u00f1ora Roberta Evangelista Hern\u00e1ndez, madre de David Josu\u00e9 Garc\u00eda Evangelista \u201cEl Zurdito\u201d, jugador de \u201cLos Avispones de Chilpancingo\u201d, asesinado junto con el conductor V\u00edctor Manuel Lugo, la noche del 26 de septiembre de 2014.<\/p>\n\n\n\n<p>El reproche de la mam\u00e1 del jugador tiene fondo, pues se\u00f1ala que a las familias de los jugadores y cuerpo t\u00e9cnico del equipo de futbol -que ahora juega en la segunda divisi\u00f3n profesional-, no se les ha dado la misma cobertura que a las dem\u00e1s v\u00edctimas de los ataques suscitados durante la noche del 26 de septiembre.<\/p>\n\n\n\n<p>\u201cA nosotros nadie nos ha dicho nada\u201d, reclama, sin abundar m\u00e1s en la inequidad que ha prevalecido en el caso.<\/p>\n\n\n\n<p>En el arranque de la intervenci\u00f3n realizada en la cancha de \u201cLos Avispones\u201d, la se\u00f1ora Roberta hizo un reconocimiento al apoyo que otorg\u00f3 el gobierno de Guerrero, pues hubo una aportaci\u00f3n econ\u00f3mica para la renta de los toldos que se instalaron en el lugar, adem\u00e1s de sillas y bocadillos para ofrecer un refrigerio a quienes acudieron.<\/p>\n\n\n\n<p>Sin embargo, remarca que se trat\u00f3 de \u201calgo muy peque\u00f1o, ya que en otros a\u00f1os se ha hecho m\u00e1s extensivo\u201d.<\/p>\n\n\n\n<p>Lo m\u00e1s notable del evento, para la madre de familia agraviada, fue la ausencia de la gobernadora Evelyn Salgado Pineda y de la alcaldesa Norma Otilia Hern\u00e1ndez Mart\u00ednez, a quienes se les hizo la invitaci\u00f3n para que acompa\u00f1aran el homenaje, sin embargo no acudieron por cuestiones de agenda.<\/p>\n\n\n\n<p>\u201cEste evento no es cualquier evento, para nosotros vale demasiado\u201d, enfatiz\u00f3 la se\u00f1ora Roberta, quien no obstante, agradeci\u00f3 la presencia en el lugar de la directora del Instituto del Deporte en la Entidad, Alma Roc\u00edo L\u00f3pez Bello, representante personal de la titular del Poder Ejecutivo local.<\/p>\n\n\n\n<p>\u00bfC\u00f3mo ser\u00eda el Zurdito, a sus 23 a\u00f1os de vida?<\/p>\n\n\n\n<p>\u201cA ocho a\u00f1os de aquella horrible tragedia, esa tragedia que vivieron los j\u00f3venes y cuerpo t\u00e9cnico del equipo Los Avispones, en la que le arrebataron la vida a mi hijo David Josu\u00e9 -en ese tiempo jugador- y al se\u00f1or V\u00edctor Manuel Lugo, chofer del cami\u00f3n que los transportaba esa noche, en la que hubo muchas v\u00edctimas m\u00e1s, en un tema del cual todos conocemos, donde hay desaparecidos y tambi\u00e9n de los muertos que hubo por parte de los normalistas (de Ayotzinapa), donde hay familias que sufrieron la misma situaci\u00f3n que estamos pasando nosotros, seguimos exigiendo justicia\u201d, anot\u00f3.<\/p>\n\n\n\n<p>Al paso del tiempo, refiere que David Josu\u00e9 tendr\u00eda en estos momentos 23 a\u00f1os de edad, pues al momento en que se suscitaron los ataques en Iguala hab\u00eda cumplido 15.<\/p>\n\n\n\n<p>Las dudas que la acompa\u00f1an todo el tiempo, consisten en pensar c\u00f3mo ser\u00eda \u201cEl Zurdito\u201d al convertirse en un hombre adulto, qu\u00e9 tipo de logros habr\u00eda alcanzado, cu\u00e1l ser\u00eda el trato que tendr\u00eda con su familia.<\/p>\n\n\n\n<p><strong>No s\u00e9 si realmente fue confusi\u00f3n<\/strong><\/p>\n\n\n\n<p>En la parte final de su intervenci\u00f3n, la se\u00f1ora Roberta sostiene: \u201cA\u00fan no s\u00e9 si realmente fue una confusi\u00f3n o si el ataque fue directamente hacia ellos, ya que el cami\u00f3n que los transportaba era muy diferente a un autob\u00fas y a nosotros no nos han dicho realmente qu\u00e9 fue lo que sucedi\u00f3\u201d.<\/p>\n\n\n\n<p>Por esa raz\u00f3n, dijo que se mantiene firme en el reclamo de justicia para su hijo, pero tambi\u00e9n por todas las personas que cayeron la noche del 26 de septiembre de 2014.<\/p>\n\n\n\n<p>\u201cJusticia para David Josu\u00e9, justicia para todos los ca\u00eddos\u201d, se\u00f1al\u00f3 la mam\u00e1 de \u201cEl Zurdito\u201d.<\/p>\n\n\n\n<p>En su intervenci\u00f3n, la representante del Gobierno de Guerrero, Alma Roc\u00edo L\u00f3pez Bello reconoci\u00f3 la importancia que tiene para el estado de Guerrero, que ahora Los Avispones se encuentren en la segunda divisi\u00f3n profesional.<\/p>\n\n\n\n<p>Indic\u00f3 que hay un fuerte legado de parte de David Josu\u00e9 Evangelista para la generaci\u00f3n actual de jugadores, \u201cpues a pesar de su corta edad, ya dej\u00f3 una huella muy profunda en el equipo y en la sociedad, de nuestro estado y de la ciudad en la que viv\u00eda\u201d.<\/p>\n\n\n\n<figure class=\"wp-block-gallery columns-2 is-cropped wp-block-gallery-1 is-layout-flex wp-block-gallery-is-layout-flex\"><ul class=\"blocks-gallery-grid\"><li class=\"blocks-gallery-item\"><figure><img decoding=\"async\" src=\"data:image\/gif;base64,R0lGODlhAQABAIAAAAAAAP\/\/\/ywAAAAAAQABAAACAUwAOw==\" fifu-lazy=\"1\" fifu-data-sizes=\"auto\" fifu-data-srcset=\"https:\/\/i3.wp.com\/interaccionnoticias.com.mx\/wp-content\/uploads\/2022\/09\/220926-Roberta-Evangelista-Hernandez-1-1024x683.jpeg?ssl=1&w=75&resize=75&ssl=1 75w, https:\/\/i3.wp.com\/interaccionnoticias.com.mx\/wp-content\/uploads\/2022\/09\/220926-Roberta-Evangelista-Hernandez-1-1024x683.jpeg?ssl=1&w=100&resize=100&ssl=1 100w, https:\/\/i3.wp.com\/interaccionnoticias.com.mx\/wp-content\/uploads\/2022\/09\/220926-Roberta-Evangelista-Hernandez-1-1024x683.jpeg?ssl=1&w=150&resize=150&ssl=1 150w, https:\/\/i3.wp.com\/interaccionnoticias.com.mx\/wp-content\/uploads\/2022\/09\/220926-Roberta-Evangelista-Hernandez-1-1024x683.jpeg?ssl=1&w=240&resize=240&ssl=1 240w, https:\/\/i3.wp.com\/interaccionnoticias.com.mx\/wp-content\/uploads\/2022\/09\/220926-Roberta-Evangelista-Hernandez-1-1024x683.jpeg?ssl=1&w=320&resize=320&ssl=1 320w, https:\/\/i3.wp.com\/interaccionnoticias.com.mx\/wp-content\/uploads\/2022\/09\/220926-Roberta-Evangelista-Hernandez-1-1024x683.jpeg?ssl=1&w=500&resize=500&ssl=1 500w, https:\/\/i3.wp.com\/interaccionnoticias.com.mx\/wp-content\/uploads\/2022\/09\/220926-Roberta-Evangelista-Hernandez-1-1024x683.jpeg?ssl=1&w=640&resize=640&ssl=1 640w, https:\/\/i3.wp.com\/interaccionnoticias.com.mx\/wp-content\/uploads\/2022\/09\/220926-Roberta-Evangelista-Hernandez-1-1024x683.jpeg?ssl=1&w=800&resize=800&ssl=1 800w, https:\/\/i3.wp.com\/interaccionnoticias.com.mx\/wp-content\/uploads\/2022\/09\/220926-Roberta-Evangelista-Hernandez-1-1024x683.jpeg?ssl=1&w=1024&resize=1024&ssl=1 1024w, https:\/\/i3.wp.com\/interaccionnoticias.com.mx\/wp-content\/uploads\/2022\/09\/220926-Roberta-Evangelista-Hernandez-1-1024x683.jpeg?ssl=1&w=1280&resize=1280&ssl=1 1280w, https:\/\/i3.wp.com\/interaccionnoticias.com.mx\/wp-content\/uploads\/2022\/09\/220926-Roberta-Evangelista-Hernandez-1-1024x683.jpeg?ssl=1&w=1600&resize=1600&ssl=1 1600w\" fifu-data-src=\"https:\/\/i3.wp.com\/interaccionnoticias.com.mx\/wp-content\/uploads\/2022\/09\/220926-Roberta-Evangelista-Hernandez-1-1024x683.jpeg?ssl=1\" alt=\"\" data-id=\"51097\" data-full-url=\"https:\/\/interaccionnoticias.com.mx\/wp-content\/uploads\/2022\/09\/220926-Roberta-Evangelista-Hernandez-1.jpeg\" data-link=\"https:\/\/interaccionnoticias.com.mx\/?attachment_id=51097\" class=\"wp-image-51097\"\/><\/figure><\/li><li class=\"blocks-gallery-item\"><figure><img decoding=\"async\" src=\"data:image\/gif;base64,R0lGODlhAQABAIAAAAAAAP\/\/\/ywAAAAAAQABAAACAUwAOw==\" fifu-lazy=\"1\" fifu-data-sizes=\"auto\" fifu-data-srcset=\"https:\/\/i2.wp.com\/interaccionnoticias.com.mx\/wp-content\/uploads\/2022\/09\/220926-Roberta-Evangelista-Hernandez-2-1024x683.jpeg?ssl=1&w=75&resize=75&ssl=1 75w, https:\/\/i2.wp.com\/interaccionnoticias.com.mx\/wp-content\/uploads\/2022\/09\/220926-Roberta-Evangelista-Hernandez-2-1024x683.jpeg?ssl=1&w=100&resize=100&ssl=1 100w, https:\/\/i2.wp.com\/interaccionnoticias.com.mx\/wp-content\/uploads\/2022\/09\/220926-Roberta-Evangelista-Hernandez-2-1024x683.jpeg?ssl=1&w=150&resize=150&ssl=1 150w, https:\/\/i2.wp.com\/interaccionnoticias.com.mx\/wp-content\/uploads\/2022\/09\/220926-Roberta-Evangelista-Hernandez-2-1024x683.jpeg?ssl=1&w=240&resize=240&ssl=1 240w, https:\/\/i2.wp.com\/interaccionnoticias.com.mx\/wp-content\/uploads\/2022\/09\/220926-Roberta-Evangelista-Hernandez-2-1024x683.jpeg?ssl=1&w=320&resize=320&ssl=1 320w, https:\/\/i2.wp.com\/interaccionnoticias.com.mx\/wp-content\/uploads\/2022\/09\/220926-Roberta-Evangelista-Hernandez-2-1024x683.jpeg?ssl=1&w=500&resize=500&ssl=1 500w, https:\/\/i2.wp.com\/interaccionnoticias.com.mx\/wp-content\/uploads\/2022\/09\/220926-Roberta-Evangelista-Hernandez-2-1024x683.jpeg?ssl=1&w=640&resize=640&ssl=1 640w, https:\/\/i2.wp.com\/interaccionnoticias.com.mx\/wp-content\/uploads\/2022\/09\/220926-Roberta-Evangelista-Hernandez-2-1024x683.jpeg?ssl=1&w=800&resize=800&ssl=1 800w, https:\/\/i2.wp.com\/interaccionnoticias.com.mx\/wp-content\/uploads\/2022\/09\/220926-Roberta-Evangelista-Hernandez-2-1024x683.jpeg?ssl=1&w=1024&resize=1024&ssl=1 1024w, https:\/\/i2.wp.com\/interaccionnoticias.com.mx\/wp-content\/uploads\/2022\/09\/220926-Roberta-Evangelista-Hernandez-2-1024x683.jpeg?ssl=1&w=1280&resize=1280&ssl=1 1280w, https:\/\/i2.wp.com\/interaccionnoticias.com.mx\/wp-content\/uploads\/2022\/09\/220926-Roberta-Evangelista-Hernandez-2-1024x683.jpeg?ssl=1&w=1600&resize=1600&ssl=1 1600w\" fifu-data-src=\"https:\/\/i2.wp.com\/interaccionnoticias.com.mx\/wp-content\/uploads\/2022\/09\/220926-Roberta-Evangelista-Hernandez-2-1024x683.jpeg?ssl=1\" alt=\"\" data-id=\"51098\" data-full-url=\"https:\/\/interaccionnoticias.com.mx\/wp-content\/uploads\/2022\/09\/220926-Roberta-Evangelista-Hernandez-2.jpeg\" data-link=\"https:\/\/interaccionnoticias.com.mx\/?attachment_id=51098\" class=\"wp-image-51098\"\/><\/figure><\/li><li class=\"blocks-gallery-item\"><figure><img decoding=\"async\" src=\"data:image\/gif;base64,R0lGODlhAQABAIAAAAAAAP\/\/\/ywAAAAAAQABAAACAUwAOw==\" fifu-lazy=\"1\" fifu-data-sizes=\"auto\" fifu-data-srcset=\"https:\/\/i2.wp.com\/interaccionnoticias.com.mx\/wp-content\/uploads\/2022\/09\/220926-Roberta-Evangelista-Hernandez-3-1024x683.jpeg?ssl=1&w=75&resize=75&ssl=1 75w, https:\/\/i2.wp.com\/interaccionnoticias.com.mx\/wp-content\/uploads\/2022\/09\/220926-Roberta-Evangelista-Hernandez-3-1024x683.jpeg?ssl=1&w=100&resize=100&ssl=1 100w, https:\/\/i2.wp.com\/interaccionnoticias.com.mx\/wp-content\/uploads\/2022\/09\/220926-Roberta-Evangelista-Hernandez-3-1024x683.jpeg?ssl=1&w=150&resize=150&ssl=1 150w, https:\/\/i2.wp.com\/interaccionnoticias.com.mx\/wp-content\/uploads\/2022\/09\/220926-Roberta-Evangelista-Hernandez-3-1024x683.jpeg?ssl=1&w=240&resize=240&ssl=1 240w, https:\/\/i2.wp.com\/interaccionnoticias.com.mx\/wp-content\/uploads\/2022\/09\/220926-Roberta-Evangelista-Hernandez-3-1024x683.jpeg?ssl=1&w=320&resize=320&ssl=1 320w, https:\/\/i2.wp.com\/interaccionnoticias.com.mx\/wp-content\/uploads\/2022\/09\/220926-Roberta-Evangelista-Hernandez-3-1024x683.jpeg?ssl=1&w=500&resize=500&ssl=1 500w, https:\/\/i2.wp.com\/interaccionnoticias.com.mx\/wp-content\/uploads\/2022\/09\/220926-Roberta-Evangelista-Hernandez-3-1024x683.jpeg?ssl=1&w=640&resize=640&ssl=1 640w, https:\/\/i2.wp.com\/interaccionnoticias.com.mx\/wp-content\/uploads\/2022\/09\/220926-Roberta-Evangelista-Hernandez-3-1024x683.jpeg?ssl=1&w=800&resize=800&ssl=1 800w, https:\/\/i2.wp.com\/interaccionnoticias.com.mx\/wp-content\/uploads\/2022\/09\/220926-Roberta-Evangelista-Hernandez-3-1024x683.jpeg?ssl=1&w=1024&resize=1024&ssl=1 1024w, https:\/\/i2.wp.com\/interaccionnoticias.com.mx\/wp-content\/uploads\/2022\/09\/220926-Roberta-Evangelista-Hernandez-3-1024x683.jpeg?ssl=1&w=1280&resize=1280&ssl=1 1280w, https:\/\/i2.wp.com\/interaccionnoticias.com.mx\/wp-content\/uploads\/2022\/09\/220926-Roberta-Evangelista-Hernandez-3-1024x683.jpeg?ssl=1&w=1600&resize=1600&ssl=1 1600w\" fifu-data-src=\"https:\/\/i2.wp.com\/interaccionnoticias.com.mx\/wp-content\/uploads\/2022\/09\/220926-Roberta-Evangelista-Hernandez-3-1024x683.jpeg?ssl=1\" alt=\"\" data-id=\"51099\" data-full-url=\"https:\/\/interaccionnoticias.com.mx\/wp-content\/uploads\/2022\/09\/220926-Roberta-Evangelista-Hernandez-3.jpeg\" data-link=\"https:\/\/interaccionnoticias.com.mx\/?attachment_id=51099\" class=\"wp-image-51099\"\/><\/figure><\/li><\/ul><\/figure>\n","protected":false},"excerpt":{"rendered":"<p>&#8212; El cami\u00f3n de \u201cLos Avispones\u201d era muy diferente a los autobuses de los normalistas rurales, se\u00f1ala la madre de familia&#8212; \u201cA nosotros nadie nos ha dicho nada\u201d, reprocha a&hellip; <\/p>\n","protected":false},"author":21,"featured_media":51099,"comment_status":"open","ping_status":"open","sticky":false,"template":"","format":"standard","meta":{"fifu_image_url":"","fifu_image_alt":"","footnotes":""},"categories":[29],"tags":[],"class_list":["post-51096","post","type-post","status-publish","format-standard","has-post-thumbnail","hentry","category-sociedad"],"_links":{"self":[{"href":"https:\/\/www.interaccionnoticias.com.mx\/index.php?rest_route=\/wp\/v2\/posts\/51096","targetHints":{"allow":["GET"]}}],"collection":[{"href":"https:\/\/www.interaccionnoticias.com.mx\/index.php?rest_route=\/wp\/v2\/posts"}],"about":[{"href":"https:\/\/www.interaccionnoticias.com.mx\/index.php?rest_route=\/wp\/v2\/types\/post"}],"author":[{"embeddable":true,"href":"https:\/\/www.interaccionnoticias.com.mx\/index.php?rest_route=\/wp\/v2\/users\/21"}],"replies":[{"embeddable":true,"href":"https:\/\/www.interaccionnoticias.com.mx\/index.php?rest_route=%2Fwp%2Fv2%2Fcomments&post=51096"}],"version-history":[{"count":1,"href":"https:\/\/www.interaccionnoticias.com.mx\/index.php?rest_route=\/wp\/v2\/posts\/51096\/revisions"}],"predecessor-version":[{"id":51100,"href":"https:\/\/www.interaccionnoticias.com.mx\/index.php?rest_route=\/wp\/v2\/posts\/51096\/revisions\/51100"}],"wp:featuredmedia":[{"embeddable":true,"href":"https:\/\/www.interaccionnoticias.com.mx\/index.php?rest_route=\/wp\/v2\/media\/51099"}],"wp:attachment":[{"href":"https:\/\/www.interaccionnoticias.com.mx\/index.php?rest_route=%2Fwp%2Fv2%2Fmedia&parent=51096"}],"wp:term":[{"taxonomy":"category","embeddable":true,"href":"https:\/\/www.interaccionnoticias.com.mx\/index.php?rest_route=%2Fwp%2Fv2%2Fcategories&post=51096"},{"taxonomy":"post_tag","embeddable":true,"href":"https:\/\/www.interaccionnoticias.com.mx\/index.php?rest_route=%2Fwp%2Fv2%2Ftags&post=51096"}],"curies":[{"name":"wp","href":"https:\/\/api.w.org\/{rel}","templated":true}]}}