{"id":51068,"date":"2022-09-25T19:22:43","date_gmt":"2022-09-26T00:22:43","guid":{"rendered":"https:\/\/interaccionnoticias.com.mx\/?p=51068"},"modified":"2022-09-25T19:22:47","modified_gmt":"2022-09-26T00:22:47","slug":"en-partido-oficial-los-avispones-recuerdan-a-victimas-del-26-de-septiembre-de-2014","status":"publish","type":"post","link":"https:\/\/www.interaccionnoticias.com.mx\/?p=51068","title":{"rendered":"En partido oficial, \u201cLos Avispones\u201d recuerdan a v\u00edctimas del 26 de septiembre de 2014"},"content":{"rendered":"\n<p><strong><em>&#8212; Entregan uniforme a su la se\u00f1ora Roberta Evangelista, madre de Josu\u00e9 David Garc\u00eda Evangelista, asesinado por sicarios de Guerreros Unidos<\/em><\/strong><\/p>\n\n\n\n<p><strong>Dassaev T\u00e9llez Adame<\/strong><\/p>\n\n\n\n<p><strong>Chilpancingo, 25 de septiembre. &#8211;<\/strong> Este 26 de septiembre, se cumplen 8 a\u00f1os de la tragedia de Iguala, donde el equipo de Avispones tambi\u00e9n sufriera la violencia que se gener\u00f3 esa noche y perdieran a dos miembros del club.<\/p>\n\n\n\n<p>Uno de ellos, el m\u00e1s joven y mejor prospecto para ser parte del primer equipo de los denominados \u2018colmeneros\u2019, Josu\u00e9 David Evangelista mejor conocido como \u2018El Zurdito\u2019, a quien recordaron al medio tiempo de este encuentro.<\/p>\n\n\n\n<p>De manos del Director Deportivo del equipo, Gabriel Morlet Maciel, la mam\u00e1 del \u2018Zurdito\u2019, la se\u00f1ora Roberta Evangelista Hern\u00e1ndez recibi\u00f3 la playera que el equipo usar\u00e1 en la temporada 2022-2023, en lo que ser\u00e1, de manera hist\u00f3rica, la primera participaci\u00f3n del equipo en lo que coloquialmente se le conoce como \u2018Segunda Divisi\u00f3n\u2019.<\/p>\n\n\n\n<p>Esta acci\u00f3n fue ovacionada por los cerca de mil asistentes a dicho encuentro.<\/p>\n\n\n\n<p>En el desarrollo de la jornada 6 del torneo de Apertura de la Serie B en la Liga Premier, los Avispones de Chilpancingo recibieron a los j\u00f3venes del Club Calor de Monclova, Coahuila; quienes llegaron con todo el calor encendido y no permitieron que los de casa anotar\u00e1n gol, que de igual manera dejaron su porter\u00eda en ceros.<\/p>\n\n\n\n<p>A pesar de que en este encuentro el marcador fue de cero a cero, durante los 5 partidos que han disputado los Avispones en la Serie B, no han conocido la derrota, por lo que en la jornada seis lograron conservar la etiqueta de invicto, en un duelo de estrategias de los t\u00e9cnicos.<\/p>\n\n\n\n<p>Al final los equipos tuvieron que repartirse los puntos.<\/p>\n\n\n\n<p>Cabe resaltar que el cuadro de casa sufri\u00f3 las bajas de sus centrales, quienes pasan por una lesi\u00f3n y se not\u00f3 su ausencia en la cancha, pero los jugadores que tuvieron la oportunidad de alinear desde el inicio del cotejo respondieron a confianza de su t\u00e9cnico, Arturo Ju\u00e1rez Molina.<\/p>\n\n\n\n<p>Los primeros minutos de la contienda, la escuadra visitante dio muestras de venir por los tres puntos y con juego ordenado y veloz generaron llegadas de peligro en el marco defendido por Emmanuel \u2018Cata\u2019 Catal\u00e1n, quien en varias ocasiones tuvo que emplearse a fondo para mantener intacta su porter\u00eda<\/p>\n\n\n\n<p>Durante los primeros 30 minutos el juego se mantuvo de manera intermitente, ambos equipos generaban llegadas de peligro en el marco rival, pero no consegu\u00edan hacer goles, pues en una jugada por el costado derecho, el guardameta visitante H\u00e9ctor Ordaz, con oportuno manotazo evito que la pelota entrara en su caba\u00f1a.<\/p>\n\n\n\n<p>La escuadra del Club Calor tambi\u00e9n estuvo a punto de hacer una anotaci\u00f3n antes de irse al descanso del medio tiempo, pero Emmanuel Catal\u00e1n intervino a tiempo evitando que fuera horadada su caba\u00f1a, y los 45 minutos del primer tiempo terminaron, con el cero por cero en la pizarra.<\/p>\n\n\n\n<p>La jugada m\u00e1s clara de gol que tuvieron los Avispones, fue al cobrar un tiro libre por el costado izquierdo en relaci\u00f3n a su ataque, Jos\u00e9 \u00c1ngel Francisco Roque manda un disparo fuerte, directo al marco, la pelota pega en el travesa\u00f1o y en el rebote le que queda a modo a Edson Giovani Mart\u00ednez, quien se ve sorprendido por la velocidad del bal\u00f3n y no pudo rematar de cabeza directo a la porter\u00eda, mand\u00e1ndolo por un costado.<\/p>\n\n\n\n<p>A los 63 minutos de juego el timonel Avisp\u00f3n modifica su alineaci\u00f3n, buscando m\u00e1s profundidad en su ataque y reforzar su defensiva, les dio oportunidad a Ernesto \u2018Neto\u2019 Reyes, Eduardo N\u00e1jera y Milton Rodr\u00edguez, quienes suplieron a Edson Giovani Mart\u00ednez, Jos\u00e9 Francisco \u2018Pato\u2019 Roque y Pablo \u2018Polvo\u2019 Nava.<\/p>\n\n\n\n<p>Cuando se jugaba el minuto 77, Club Calor se qued\u00f3 con un jugador menos, en una jugada de agresi\u00f3n sobre u jugador Avisp\u00f3n, el \u00e1rbitro le saca roja directa, y Avispones ten\u00edan ventaja num\u00e9rica, pero el mandam\u00e1s del Club Calor supo acomodar sus piezas en el terreno de juego y lograron conservar intacto su marco.<\/p>\n\n\n\n<p>Tambi\u00e9n Pedro Mu\u00f1oz de la Torre, t\u00e9cnico del Club Calor realiz\u00f3 tres juntos en su cuadro inicial, pues se notaba que algunos de sus jugadores presentaban cansancio.<\/p>\n\n\n\n<p>En los minutos finales Avispones tambi\u00e9n sufri\u00f3 una baja con la expulsi\u00f3n de Alexander Arias, quien fue castigado luego de agredir con el brazo a un rival, a los 90 minutos de juego, pero tampoco fue aprovechado por el Club Calor, y finaliz\u00f3 el cotejo con repartici\u00f3n de puntos, al dejar los cartones cero por cero.<\/p>\n\n\n\n<p>Con este resultado los Avispones suman cinco juegos disputados, de los cuales en tres ocasiones han empatados, suman dos victorias, y acumulan un total de diez unidades.<\/p>\n\n\n\n<p>Esta semana ser\u00e1 jornada doble, en la jornada siete a desarrollarse el mi\u00e9rcoles 28 de septiembre visitar\u00e1n a los Ca\u00f1oneros F.C., a las 12 del d\u00eda, en el estadio Momoxco, de la ciudad de M\u00e9xico.<\/p>\n\n\n\n<p>Vuelven al Panal, el uno de octubre, dentro de la octava jornada y recibir\u00e1n al equipo de T\u2019Ho Mayas F.C., equipo proveniente del estado de Yucat\u00e1n, y quien marcha en el s\u00e9ptimo lugar con ocho unidades, producto de dos victorias, dos empates e igual n\u00famero de derrotas.<\/p>\n\n\n\n<figure class=\"wp-block-gallery columns-2 is-cropped wp-block-gallery-1 is-layout-flex wp-block-gallery-is-layout-flex\"><ul class=\"blocks-gallery-grid\"><li class=\"blocks-gallery-item\"><figure><img decoding=\"async\" src=\"data:image\/gif;base64,R0lGODlhAQABAIAAAAAAAP\/\/\/ywAAAAAAQABAAACAUwAOw==\" fifu-lazy=\"1\" fifu-data-sizes=\"auto\" fifu-data-srcset=\"https:\/\/i2.wp.com\/interaccionnoticias.com.mx\/wp-content\/uploads\/2022\/09\/220925-Roberta-Evangelista-2-1024x683.jpeg?ssl=1&w=75&resize=75&ssl=1 75w, https:\/\/i2.wp.com\/interaccionnoticias.com.mx\/wp-content\/uploads\/2022\/09\/220925-Roberta-Evangelista-2-1024x683.jpeg?ssl=1&w=100&resize=100&ssl=1 100w, https:\/\/i2.wp.com\/interaccionnoticias.com.mx\/wp-content\/uploads\/2022\/09\/220925-Roberta-Evangelista-2-1024x683.jpeg?ssl=1&w=150&resize=150&ssl=1 150w, https:\/\/i2.wp.com\/interaccionnoticias.com.mx\/wp-content\/uploads\/2022\/09\/220925-Roberta-Evangelista-2-1024x683.jpeg?ssl=1&w=240&resize=240&ssl=1 240w, https:\/\/i2.wp.com\/interaccionnoticias.com.mx\/wp-content\/uploads\/2022\/09\/220925-Roberta-Evangelista-2-1024x683.jpeg?ssl=1&w=320&resize=320&ssl=1 320w, https:\/\/i2.wp.com\/interaccionnoticias.com.mx\/wp-content\/uploads\/2022\/09\/220925-Roberta-Evangelista-2-1024x683.jpeg?ssl=1&w=500&resize=500&ssl=1 500w, https:\/\/i2.wp.com\/interaccionnoticias.com.mx\/wp-content\/uploads\/2022\/09\/220925-Roberta-Evangelista-2-1024x683.jpeg?ssl=1&w=640&resize=640&ssl=1 640w, https:\/\/i2.wp.com\/interaccionnoticias.com.mx\/wp-content\/uploads\/2022\/09\/220925-Roberta-Evangelista-2-1024x683.jpeg?ssl=1&w=800&resize=800&ssl=1 800w, https:\/\/i2.wp.com\/interaccionnoticias.com.mx\/wp-content\/uploads\/2022\/09\/220925-Roberta-Evangelista-2-1024x683.jpeg?ssl=1&w=1024&resize=1024&ssl=1 1024w, https:\/\/i2.wp.com\/interaccionnoticias.com.mx\/wp-content\/uploads\/2022\/09\/220925-Roberta-Evangelista-2-1024x683.jpeg?ssl=1&w=1280&resize=1280&ssl=1 1280w, https:\/\/i2.wp.com\/interaccionnoticias.com.mx\/wp-content\/uploads\/2022\/09\/220925-Roberta-Evangelista-2-1024x683.jpeg?ssl=1&w=1600&resize=1600&ssl=1 1600w\" fifu-data-src=\"https:\/\/i2.wp.com\/interaccionnoticias.com.mx\/wp-content\/uploads\/2022\/09\/220925-Roberta-Evangelista-2-1024x683.jpeg?ssl=1\" alt=\"\" data-id=\"51070\" data-full-url=\"https:\/\/interaccionnoticias.com.mx\/wp-content\/uploads\/2022\/09\/220925-Roberta-Evangelista-2.jpeg\" data-link=\"https:\/\/interaccionnoticias.com.mx\/?attachment_id=51070\" class=\"wp-image-51070\"\/><\/figure><\/li><li class=\"blocks-gallery-item\"><figure><img decoding=\"async\" src=\"data:image\/gif;base64,R0lGODlhAQABAIAAAAAAAP\/\/\/ywAAAAAAQABAAACAUwAOw==\" fifu-lazy=\"1\" fifu-data-sizes=\"auto\" fifu-data-srcset=\"https:\/\/i3.wp.com\/interaccionnoticias.com.mx\/wp-content\/uploads\/2022\/09\/220925-Roberta-Evangelista-1-1024x683.jpeg?ssl=1&w=75&resize=75&ssl=1 75w, https:\/\/i3.wp.com\/interaccionnoticias.com.mx\/wp-content\/uploads\/2022\/09\/220925-Roberta-Evangelista-1-1024x683.jpeg?ssl=1&w=100&resize=100&ssl=1 100w, https:\/\/i3.wp.com\/interaccionnoticias.com.mx\/wp-content\/uploads\/2022\/09\/220925-Roberta-Evangelista-1-1024x683.jpeg?ssl=1&w=150&resize=150&ssl=1 150w, https:\/\/i3.wp.com\/interaccionnoticias.com.mx\/wp-content\/uploads\/2022\/09\/220925-Roberta-Evangelista-1-1024x683.jpeg?ssl=1&w=240&resize=240&ssl=1 240w, https:\/\/i3.wp.com\/interaccionnoticias.com.mx\/wp-content\/uploads\/2022\/09\/220925-Roberta-Evangelista-1-1024x683.jpeg?ssl=1&w=320&resize=320&ssl=1 320w, https:\/\/i3.wp.com\/interaccionnoticias.com.mx\/wp-content\/uploads\/2022\/09\/220925-Roberta-Evangelista-1-1024x683.jpeg?ssl=1&w=500&resize=500&ssl=1 500w, https:\/\/i3.wp.com\/interaccionnoticias.com.mx\/wp-content\/uploads\/2022\/09\/220925-Roberta-Evangelista-1-1024x683.jpeg?ssl=1&w=640&resize=640&ssl=1 640w, https:\/\/i3.wp.com\/interaccionnoticias.com.mx\/wp-content\/uploads\/2022\/09\/220925-Roberta-Evangelista-1-1024x683.jpeg?ssl=1&w=800&resize=800&ssl=1 800w, https:\/\/i3.wp.com\/interaccionnoticias.com.mx\/wp-content\/uploads\/2022\/09\/220925-Roberta-Evangelista-1-1024x683.jpeg?ssl=1&w=1024&resize=1024&ssl=1 1024w, https:\/\/i3.wp.com\/interaccionnoticias.com.mx\/wp-content\/uploads\/2022\/09\/220925-Roberta-Evangelista-1-1024x683.jpeg?ssl=1&w=1280&resize=1280&ssl=1 1280w, https:\/\/i3.wp.com\/interaccionnoticias.com.mx\/wp-content\/uploads\/2022\/09\/220925-Roberta-Evangelista-1-1024x683.jpeg?ssl=1&w=1600&resize=1600&ssl=1 1600w\" fifu-data-src=\"https:\/\/i3.wp.com\/interaccionnoticias.com.mx\/wp-content\/uploads\/2022\/09\/220925-Roberta-Evangelista-1-1024x683.jpeg?ssl=1\" alt=\"\" data-id=\"51069\" data-full-url=\"https:\/\/interaccionnoticias.com.mx\/wp-content\/uploads\/2022\/09\/220925-Roberta-Evangelista-1.jpeg\" data-link=\"https:\/\/interaccionnoticias.com.mx\/?attachment_id=51069\" class=\"wp-image-51069\"\/><\/figure><\/li><\/ul><\/figure>\n","protected":false},"excerpt":{"rendered":"<p>&#8212; Entregan uniforme a su la se\u00f1ora Roberta Evangelista, madre de Josu\u00e9 David Garc\u00eda Evangelista, asesinado por sicarios de Guerreros Unidos Dassaev T\u00e9llez Adame Chilpancingo, 25 de septiembre. &#8211; Este&hellip; <\/p>\n","protected":false},"author":9,"featured_media":51069,"comment_status":"open","ping_status":"open","sticky":false,"template":"","format":"standard","meta":{"fifu_image_url":"","fifu_image_alt":"","footnotes":""},"categories":[243],"tags":[],"class_list":["post-51068","post","type-post","status-publish","format-standard","has-post-thumbnail","hentry","category-deportes"],"_links":{"self":[{"href":"https:\/\/www.interaccionnoticias.com.mx\/index.php?rest_route=\/wp\/v2\/posts\/51068","targetHints":{"allow":["GET"]}}],"collection":[{"href":"https:\/\/www.interaccionnoticias.com.mx\/index.php?rest_route=\/wp\/v2\/posts"}],"about":[{"href":"https:\/\/www.interaccionnoticias.com.mx\/index.php?rest_route=\/wp\/v2\/types\/post"}],"author":[{"embeddable":true,"href":"https:\/\/www.interaccionnoticias.com.mx\/index.php?rest_route=\/wp\/v2\/users\/9"}],"replies":[{"embeddable":true,"href":"https:\/\/www.interaccionnoticias.com.mx\/index.php?rest_route=%2Fwp%2Fv2%2Fcomments&post=51068"}],"version-history":[{"count":1,"href":"https:\/\/www.interaccionnoticias.com.mx\/index.php?rest_route=\/wp\/v2\/posts\/51068\/revisions"}],"predecessor-version":[{"id":51071,"href":"https:\/\/www.interaccionnoticias.com.mx\/index.php?rest_route=\/wp\/v2\/posts\/51068\/revisions\/51071"}],"wp:featuredmedia":[{"embeddable":true,"href":"https:\/\/www.interaccionnoticias.com.mx\/index.php?rest_route=\/wp\/v2\/media\/51069"}],"wp:attachment":[{"href":"https:\/\/www.interaccionnoticias.com.mx\/index.php?rest_route=%2Fwp%2Fv2%2Fmedia&parent=51068"}],"wp:term":[{"taxonomy":"category","embeddable":true,"href":"https:\/\/www.interaccionnoticias.com.mx\/index.php?rest_route=%2Fwp%2Fv2%2Fcategories&post=51068"},{"taxonomy":"post_tag","embeddable":true,"href":"https:\/\/www.interaccionnoticias.com.mx\/index.php?rest_route=%2Fwp%2Fv2%2Ftags&post=51068"}],"curies":[{"name":"wp","href":"https:\/\/api.w.org\/{rel}","templated":true}]}}