{"id":51065,"date":"2022-09-25T17:48:32","date_gmt":"2022-09-25T22:48:32","guid":{"rendered":"https:\/\/interaccionnoticias.com.mx\/?p=51065"},"modified":"2022-09-25T17:48:36","modified_gmt":"2022-09-25T22:48:36","slug":"ocho-anos-sin-verdad-ni-justicia-acusan-normalistas-de-ayotzinapa","status":"publish","type":"post","link":"https:\/\/www.interaccionnoticias.com.mx\/?p=51065","title":{"rendered":"Ocho a\u00f1os sin verdad ni justicia, acusan normalistas de Ayotzinapa"},"content":{"rendered":"\n<p><strong><em>&#8212; Realizan protesta en Acapulco en la v\u00edspera del octavo aniversario<br>&#8212; Reclaman la presentaci\u00f3n con vida de los 43 estudiantes<\/em><\/strong><\/p>\n\n\n\n<p><strong>Javier Trujillo<\/strong><\/p>\n\n\n\n<p><strong>Acapulco, Gro.-<\/strong> En la v\u00edspera de cumplirse ocho a\u00f1os de la desaparici\u00f3n de 43 normalistas de Ayotzinapa, un grupo de estudiantes se manifestaron en Acapulco, acusado responsabilidad de los cuerpos policiales y militares tras los hechos de Iguala el 26 y 27 de septiembre del 2014.<\/p>\n\n\n\n<p>\u00abEn ese marco entendemos la agresi\u00f3n que se dio a los estudiantes, quer\u00edan darles un mensaje, que dejar\u00e1n de luchar. Lo que hicieron fue convertir en realidad otra consigna importante que han planteado, quer\u00edan desaparecerlos, pero han florecido con m\u00e1s fuerza\u00bb, expres\u00f3 el docente cetegista, Marco Antonio Adame.<\/p>\n\n\n\n<p>La manifestaci\u00f3n de un reducido grupo de normalistas, realizaron un mitin en el z\u00f3calo porte\u00f1o y posteriormente lo hicieron en el antimonumento de los 43 en la glorieta de La v\u00eda r\u00e1pida, a un costado de la costera Miguel Alem\u00e1n.<\/p>\n\n\n\n<p>Acusaron que aquella noche del 26 de septiembre las polic\u00edas municipal, estatal, el ej\u00e9rcito y especialmente ellos, la marina son responsables, de aquella noche y madrugada en Iguala.<\/p>\n\n\n\n<p>Tambi\u00e9n, se\u00f1alaron que las diferentes organizaciones sociales no dejar\u00e1n solos a los normalistas y dijeron que caminar\u00e1n de la mano que salen a luchar cada 26 y 27 de septiembre, por los ocho a\u00f1os \u00absin verdad, ni justicia\u00bb.<\/p>\n\n\n\n<p>Habr\u00e1 una jornada de lucha por los ocho a\u00f1os y se manifestar\u00e1 en las diferentes plazas donde ocurrieron los hechos contra los 43 normalistas desaparecidos, en seguida abordaron el autob\u00fas y se regresaron a Chilpancingo, donde ma\u00f1ana partir\u00e1n para realizar la protesta en el municipio de Iguala, donde ocurrieron los hechos aquella aciaga noche y madrugada de septiembre.<\/p>\n","protected":false},"excerpt":{"rendered":"<p>&#8212; Realizan protesta en Acapulco en la v\u00edspera del octavo aniversario&#8212; Reclaman la presentaci\u00f3n con vida de los 43 estudiantes Javier Trujillo Acapulco, Gro.- En la v\u00edspera de cumplirse ocho&hellip; <\/p>\n","protected":false},"author":3,"featured_media":51066,"comment_status":"open","ping_status":"open","sticky":false,"template":"","format":"standard","meta":{"fifu_image_url":"","fifu_image_alt":"","footnotes":""},"categories":[15],"tags":[],"class_list":["post-51065","post","type-post","status-publish","format-standard","has-post-thumbnail","hentry","category-movimientos-sociales"],"_links":{"self":[{"href":"https:\/\/www.interaccionnoticias.com.mx\/index.php?rest_route=\/wp\/v2\/posts\/51065","targetHints":{"allow":["GET"]}}],"collection":[{"href":"https:\/\/www.interaccionnoticias.com.mx\/index.php?rest_route=\/wp\/v2\/posts"}],"about":[{"href":"https:\/\/www.interaccionnoticias.com.mx\/index.php?rest_route=\/wp\/v2\/types\/post"}],"author":[{"embeddable":true,"href":"https:\/\/www.interaccionnoticias.com.mx\/index.php?rest_route=\/wp\/v2\/users\/3"}],"replies":[{"embeddable":true,"href":"https:\/\/www.interaccionnoticias.com.mx\/index.php?rest_route=%2Fwp%2Fv2%2Fcomments&post=51065"}],"version-history":[{"count":1,"href":"https:\/\/www.interaccionnoticias.com.mx\/index.php?rest_route=\/wp\/v2\/posts\/51065\/revisions"}],"predecessor-version":[{"id":51067,"href":"https:\/\/www.interaccionnoticias.com.mx\/index.php?rest_route=\/wp\/v2\/posts\/51065\/revisions\/51067"}],"wp:featuredmedia":[{"embeddable":true,"href":"https:\/\/www.interaccionnoticias.com.mx\/index.php?rest_route=\/wp\/v2\/media\/51066"}],"wp:attachment":[{"href":"https:\/\/www.interaccionnoticias.com.mx\/index.php?rest_route=%2Fwp%2Fv2%2Fmedia&parent=51065"}],"wp:term":[{"taxonomy":"category","embeddable":true,"href":"https:\/\/www.interaccionnoticias.com.mx\/index.php?rest_route=%2Fwp%2Fv2%2Fcategories&post=51065"},{"taxonomy":"post_tag","embeddable":true,"href":"https:\/\/www.interaccionnoticias.com.mx\/index.php?rest_route=%2Fwp%2Fv2%2Ftags&post=51065"}],"curies":[{"name":"wp","href":"https:\/\/api.w.org\/{rel}","templated":true}]}}