{"id":51059,"date":"2022-09-24T13:04:35","date_gmt":"2022-09-24T18:04:35","guid":{"rendered":"https:\/\/interaccionnoticias.com.mx\/?p=51059"},"modified":"2022-09-24T13:04:40","modified_gmt":"2022-09-24T18:04:40","slug":"toma-protesta-arturo-solis-felipe-como-nuevo-titular-de-la-comision-estatal-de-busqueda-de-personas","status":"publish","type":"post","link":"https:\/\/www.interaccionnoticias.com.mx\/?p=51059","title":{"rendered":"Toma protesta Arturo Sol\u00eds Felipe como nuevo titular de la Comisi\u00f3n Estatal de B\u00fasqueda de Personas"},"content":{"rendered":"\n<p><strong>Chilpancingo, Gro., 23 de septiembre de 2022.- <\/strong>El secretario general de Gobierno Ludwig Marcial Reynoso N\u00fa\u00f1ez tom\u00f3 protesta a Arturo Sol\u00eds Felipe, como titular de la Comisi\u00f3n Estatal de B\u00fasqueda de Personas sectorizada a la Secretar\u00eda General de Gobierno.<\/p>\n\n\n\n<p>En representaci\u00f3n de la gobernadora Evelyn Salgado Pineda, el titular de la SGG dijo que esta designaci\u00f3n es resultado de una convocatoria p\u00fablica y abierta, como lo establece el decreto que crea la Comisi\u00f3n Estatal de B\u00fasqueda de Personas para designar a su titular.<\/p>\n\n\n\n<p>Reynoso N\u00fa\u00f1ez dijo que este organismo cuenta con todo el apoyo de la estructura de gobierno, para avanzar en la atenci\u00f3n de los colectivos y de las personas que tienen alg\u00fan familiar desaparecido y se congratul\u00f3 de la designaci\u00f3n de Sol\u00eds Felipe, porque cuenta con la experiencia y sensibilidad requerida para atender este tema que lastima a la sociedad.<\/p>\n\n\n\n<p>El nuevo comisionado dijo que, en esta delicada encomienda, se trabajar\u00e1 coordinadamente con todas las instancias de gobierno locales y federales para poder ofrecer resultados que se traducen en la tranquilidad de las familias, cuando se logra ubicar a los familiares desaparecidos; agreg\u00f3 que, en este gobierno del cambio, la atenci\u00f3n con sensibilidad y empat\u00eda es prioritaria en este tipo de temas y que asume su compromiso con total responsabilidad.<br><\/p>\n","protected":false},"excerpt":{"rendered":"<p>Chilpancingo, Gro., 23 de septiembre de 2022.- El secretario general de Gobierno Ludwig Marcial Reynoso N\u00fa\u00f1ez tom\u00f3 protesta a Arturo Sol\u00eds Felipe, como titular de la Comisi\u00f3n Estatal de B\u00fasqueda&hellip; <\/p>\n","protected":false},"author":19,"featured_media":51060,"comment_status":"open","ping_status":"open","sticky":false,"template":"","format":"standard","meta":{"fifu_image_url":"","fifu_image_alt":"","footnotes":""},"categories":[11],"tags":[],"class_list":["post-51059","post","type-post","status-publish","format-standard","has-post-thumbnail","hentry","category-guerrero"],"_links":{"self":[{"href":"https:\/\/www.interaccionnoticias.com.mx\/index.php?rest_route=\/wp\/v2\/posts\/51059","targetHints":{"allow":["GET"]}}],"collection":[{"href":"https:\/\/www.interaccionnoticias.com.mx\/index.php?rest_route=\/wp\/v2\/posts"}],"about":[{"href":"https:\/\/www.interaccionnoticias.com.mx\/index.php?rest_route=\/wp\/v2\/types\/post"}],"author":[{"embeddable":true,"href":"https:\/\/www.interaccionnoticias.com.mx\/index.php?rest_route=\/wp\/v2\/users\/19"}],"replies":[{"embeddable":true,"href":"https:\/\/www.interaccionnoticias.com.mx\/index.php?rest_route=%2Fwp%2Fv2%2Fcomments&post=51059"}],"version-history":[{"count":1,"href":"https:\/\/www.interaccionnoticias.com.mx\/index.php?rest_route=\/wp\/v2\/posts\/51059\/revisions"}],"predecessor-version":[{"id":51061,"href":"https:\/\/www.interaccionnoticias.com.mx\/index.php?rest_route=\/wp\/v2\/posts\/51059\/revisions\/51061"}],"wp:featuredmedia":[{"embeddable":true,"href":"https:\/\/www.interaccionnoticias.com.mx\/index.php?rest_route=\/wp\/v2\/media\/51060"}],"wp:attachment":[{"href":"https:\/\/www.interaccionnoticias.com.mx\/index.php?rest_route=%2Fwp%2Fv2%2Fmedia&parent=51059"}],"wp:term":[{"taxonomy":"category","embeddable":true,"href":"https:\/\/www.interaccionnoticias.com.mx\/index.php?rest_route=%2Fwp%2Fv2%2Fcategories&post=51059"},{"taxonomy":"post_tag","embeddable":true,"href":"https:\/\/www.interaccionnoticias.com.mx\/index.php?rest_route=%2Fwp%2Fv2%2Ftags&post=51059"}],"curies":[{"name":"wp","href":"https:\/\/api.w.org\/{rel}","templated":true}]}}