{"id":51051,"date":"2022-09-23T19:55:56","date_gmt":"2022-09-24T00:55:56","guid":{"rendered":"https:\/\/interaccionnoticias.com.mx\/?p=51051"},"modified":"2022-09-23T19:55:57","modified_gmt":"2022-09-24T00:55:57","slug":"vidulfo-rosales-desestima-la-accion-penal-contra-inaky-blanco-labertina-galeana-y-leonardo-vazquez","status":"publish","type":"post","link":"https:\/\/www.interaccionnoticias.com.mx\/?p=51051","title":{"rendered":"Vidulfo Rosales desestima la acci\u00f3n penal contra I\u00f1aky Blanco, Labertina Galeana y Leonardo V\u00e1zquez"},"content":{"rendered":"\n<p><strong><em>&#8212; La informaci\u00f3n dada a conocer el jueves resulta \u201cimprecisa\u201d, se\u00f1ala Vidulfo Rosales Sierra<br>&#8212; \u201cNosotros no informamos eso\u201d, se desmarca el abogado del colectivo \u201cNos Faltan 43\u201d<\/em><\/strong><\/p>\n\n\n\n<p><strong>Rogelio Agust\u00edn<\/strong><\/p>\n\n\n\n<p>El abogado del colectivo \u201cNos Faltan 43\u201d, Vidulfo Rosales Sierra desacrdit\u00f3 la versi\u00f3n que se\u00f1ala la existencia de \u00f3rdenes de aprehensi\u00f3n en contra del ex titular de la Fiscal\u00eda General del Estado (FGE), I\u00f1aky Blanco Cabrera; la ex presidenta del Tribunal Superior de Justicia (TSJ) y el ex secretario de Seguridad P\u00fablica (SSP) en el gobierno de Angel Aguirre Rivero, Leonardo V\u00e1zquez P\u00e9rez.<\/p>\n\n\n\n<p>La jornada del jueves, tras el mitin que estudiantes de la Normal Rural de Ayotzinapa, junto con padres de los 43 realizaron en las instalaciones de la Fiscal\u00eda General de la Rep\u00fablica (FGR), se manej\u00f3 la versi\u00f3n de que un juez federal hab\u00eda obsequiado las \u00f3rdenes de aprehensi\u00f3n en contra de los ex servidores p\u00fablicos antes se\u00f1alados, por distintos delitos cometidos en el contexto de la desaparici\u00f3n de los 43 normalistas rurales atacados en Iguala.<\/p>\n\n\n\n<p>Cuestionado al respecto, el abogado Rosales Sierra se\u00f1al\u00f3 que se trata de una informaci\u00f3n aportada por los organizadores del mitin que se desarroll\u00f3 en las instalaciones de la FGR, aunque no mencion\u00f3 de quien se trataba.<\/p>\n\n\n\n<p>\u201cSer\u00eda cuesti\u00f3n de revisar los audios, ah\u00ed dieron esa informaci\u00f3n, yo desconozco si hay acciones penales contra las personas ah\u00ed mencionadas\u201d, dijo el tambi\u00e9n integrante del Centro de Derechos Humanos de la Monta\u00f1a.<\/p>\n\n\n\n<p>Explic\u00f3 que la Comisi\u00f3n para la Verdad y la Justicia les inform\u00f3 de la existencia de 83 \u00f3rdenes de aprehensi\u00f3n, pero enfatiz\u00f3 que desconoce si entre ellas est\u00e1 el ex fiscal, la ex magistrada del Poder Judicial y el ex titular de Seguridad P\u00fablica.<\/p>\n\n\n\n<p>\u201cNosotros no lo sabemos\u201d, insisti\u00f3.<\/p>\n\n\n\n<p>Aunque el asunto ocup\u00f3 las portadas de algunos medios, el abogado desacredit\u00f3 dicha versi\u00f3n, al se\u00f1alar que \u201chay informacion imprecisa de parte de los organizafors del mitin, yo no hice menci\u00f3n de eso, es una informacion imprecisa\u201d.<\/p>\n","protected":false},"excerpt":{"rendered":"<p>&#8212; La informaci\u00f3n dada a conocer el jueves resulta \u201cimprecisa\u201d, se\u00f1ala Vidulfo Rosales Sierra&#8212; \u201cNosotros no informamos eso\u201d, se desmarca el abogado del colectivo \u201cNos Faltan 43\u201d Rogelio Agust\u00edn El&hellip; <\/p>\n","protected":false},"author":21,"featured_media":43465,"comment_status":"open","ping_status":"open","sticky":false,"template":"","format":"standard","meta":{"fifu_image_url":"","fifu_image_alt":"","footnotes":""},"categories":[15],"tags":[],"class_list":["post-51051","post","type-post","status-publish","format-standard","has-post-thumbnail","hentry","category-movimientos-sociales"],"_links":{"self":[{"href":"https:\/\/www.interaccionnoticias.com.mx\/index.php?rest_route=\/wp\/v2\/posts\/51051","targetHints":{"allow":["GET"]}}],"collection":[{"href":"https:\/\/www.interaccionnoticias.com.mx\/index.php?rest_route=\/wp\/v2\/posts"}],"about":[{"href":"https:\/\/www.interaccionnoticias.com.mx\/index.php?rest_route=\/wp\/v2\/types\/post"}],"author":[{"embeddable":true,"href":"https:\/\/www.interaccionnoticias.com.mx\/index.php?rest_route=\/wp\/v2\/users\/21"}],"replies":[{"embeddable":true,"href":"https:\/\/www.interaccionnoticias.com.mx\/index.php?rest_route=%2Fwp%2Fv2%2Fcomments&post=51051"}],"version-history":[{"count":1,"href":"https:\/\/www.interaccionnoticias.com.mx\/index.php?rest_route=\/wp\/v2\/posts\/51051\/revisions"}],"predecessor-version":[{"id":51052,"href":"https:\/\/www.interaccionnoticias.com.mx\/index.php?rest_route=\/wp\/v2\/posts\/51051\/revisions\/51052"}],"wp:featuredmedia":[{"embeddable":true,"href":"https:\/\/www.interaccionnoticias.com.mx\/index.php?rest_route=\/wp\/v2\/media\/43465"}],"wp:attachment":[{"href":"https:\/\/www.interaccionnoticias.com.mx\/index.php?rest_route=%2Fwp%2Fv2%2Fmedia&parent=51051"}],"wp:term":[{"taxonomy":"category","embeddable":true,"href":"https:\/\/www.interaccionnoticias.com.mx\/index.php?rest_route=%2Fwp%2Fv2%2Fcategories&post=51051"},{"taxonomy":"post_tag","embeddable":true,"href":"https:\/\/www.interaccionnoticias.com.mx\/index.php?rest_route=%2Fwp%2Fv2%2Ftags&post=51051"}],"curies":[{"name":"wp","href":"https:\/\/api.w.org\/{rel}","templated":true}]}}