{"id":5105,"date":"2017-06-05T22:42:03","date_gmt":"2017-06-06T03:42:03","guid":{"rendered":"http:\/\/www.inter-accion.com.mx\/?p=5105"},"modified":"2017-06-05T22:42:03","modified_gmt":"2017-06-06T03:42:03","slug":"niega-fge-montaje-del-arma-en-cuerpo-del-abogado-asesinado-en-tixtla","status":"publish","type":"post","link":"https:\/\/www.interaccionnoticias.com.mx\/?p=5105","title":{"rendered":"Niega FGE montaje del arma en cuerpo del abogado asesinado en Tixtla"},"content":{"rendered":"<p><strong>No se anot\u00f3 en los elementos proporcionados por la Polic\u00eda del Estado&nbsp;<\/strong><br \/>\nLa Fiscal\u00eda General del Estado neg\u00f3 que en la carpeta de investigaci\u00f3n que se abri\u00f3 por los enfrentamientos del domingo 4 de junio, en la cabecera municipal de Tixtla, est\u00e9 asentada la existencia de un rifle AK-47 cerca del cad\u00e1ver del abogado Eduardo Catarino Dircio, pese a que la Polic\u00eda del Estado le tom\u00f3 fotograf\u00edas que se filtraron a varias redes sociales.<br \/>\nJos\u00e9 Antonio Bonilla Uribe, vicefiscal de investigaci\u00f3n de la FGE, inform\u00f3 que alrededor de las 13:30 horas del domingo 4 de junio, la Polic\u00eda del Estado recibi\u00f3 a trav\u00e9s del C4 de Chilpancingo, el reporte sobre una agresi\u00f3n con armas de fuego que dej\u00f3 dos heridos en el sitio de combis de la ruta Chilpancingo-Chilapa, cerca del mercado Baltazar R. Leyva Mancilla, en la capital de Guerrero.<br \/>\nLos elementos se percataron de que los agresores escapaban a bordo de un veh\u00edculo blanco, al cual persiguieron hasta darle alcance en la avenida Insurgentes de Tixtla.&nbsp;<br \/>\nEn ese lugar perdieron de vista al veh\u00edculo, ya que una camioneta Pick Up Ford Ranger, color azul met\u00e1lico, sin placas de circulaci\u00f3n, en la que viajaban por lo menos cinco hombres los enfrent\u00f3 disparando armas de grueso calibre.<br \/>\nLos delincuentes lanzaron una granada de fragmentaci\u00f3n y retrocedieron con el veh\u00edculo para romper el port\u00f3n de una propiedad contigua al domicilio del abogado Eduardo Catarino Dircio.<br \/>\nSalieron de la unidad y los agresores se dispersaron en varios domicilios, entre ellos el del litigante.<br \/>\nLa FGE inform\u00f3 que una vez concluido el enfrentamiento entre civiles polic\u00edas del estado, se tuvo un saldo de dos civiles muertos, entre ellos el abogado Catarino Dircio, adem\u00e1s de un miembro de la delincuencia organizada.<br \/>\nSe confirm\u00f3 el dato de dos polic\u00edas estatales heridos de gravedad, adem\u00e1s de que se detuvo a un presunto delincuente con un AR-15 y varios cartuchos \u00fatiles calibre 2.23, quien intent\u00f3 escapar a bordo de un veh\u00edculo Sentra color gris, que le arrebat\u00f3 a un habitante de de Tixtla. &nbsp;<br \/>\nEn el comunicado dado a conocer por el bicefiscal, se anota que la Polic\u00eda del Estado no cuenta dentro de su armamento con fusiles AK-47, como se dio a conocer la tarde del domingo.<br \/>\nLa SSP, de acuerdo con Bonilla Uribe, dentro de su armamento largo cuenta con rifles AR-15 y Galil.<br \/>\nTambi\u00e9n destac\u00f3 que la familia del abogado Catarino Dircio se neg\u00f3 a que el cuerpo fuera trasladado a las instalaciones de SEMEFO para que se realizara la necropsia de Ley, adem\u00e1s de las pruebas periciales correspondientes.<br \/>\nCuestionado sobre el supuesto montaje del AK-47, el vicefiscal explic\u00f3 que durante la puesta a disposici\u00f3n de los artefactos que la Polic\u00eda del Estado recogi\u00f3 en la zona del enfrentamiento, no se mencion\u00f3 la presencia de un rifle de asalto cerca del cuerpo del abogado.<br \/>\n\u201cEn efecto fueron encontrados dos fusiles en relaci\u00f3n a los hechos, pero en los actos de investigaci\u00f3n no se refiere que hayan sido relacionados con el abogado\u201d, anot\u00f3 Bonilla Uribe.<br \/>\nRespecto a quien fue el que mat\u00f3 al abogado Catarino Dircio, Bonilla sostuvo que en estos momentos se realizan las investigaciones, de tal manera que todav\u00eda no se conoce ni siquiera el calibre del arma que termin\u00f3 con la existencia del litigante.<br \/>\nLa tarde del domingo, elementos de la Polic\u00eda del Estado filtraron a&nbsp;diferentes medios la fotograf\u00eda del abogado Catarino con un rifle AK-47 en las piernas, lo que gener\u00f3 la&nbsp;inconformidad de sus familiares.&nbsp;&nbsp;<\/p>\n","protected":false},"excerpt":{"rendered":"<p>No se anot\u00f3 en los elementos proporcionados por la Polic\u00eda del Estado&nbsp; La Fiscal\u00eda General del Estado neg\u00f3 que en la carpeta de investigaci\u00f3n que se abri\u00f3 por los enfrentamientos&hellip; <\/p>\n","protected":false},"author":1,"featured_media":0,"comment_status":"closed","ping_status":"closed","sticky":false,"template":"","format":"standard","meta":{"fifu_image_url":"","fifu_image_alt":"","footnotes":""},"categories":[8,11],"tags":[],"class_list":["post-5105","post","type-post","status-publish","format-standard","hentry","category-featured","category-guerrero"],"_links":{"self":[{"href":"https:\/\/www.interaccionnoticias.com.mx\/index.php?rest_route=\/wp\/v2\/posts\/5105","targetHints":{"allow":["GET"]}}],"collection":[{"href":"https:\/\/www.interaccionnoticias.com.mx\/index.php?rest_route=\/wp\/v2\/posts"}],"about":[{"href":"https:\/\/www.interaccionnoticias.com.mx\/index.php?rest_route=\/wp\/v2\/types\/post"}],"author":[{"embeddable":true,"href":"https:\/\/www.interaccionnoticias.com.mx\/index.php?rest_route=\/wp\/v2\/users\/1"}],"replies":[{"embeddable":true,"href":"https:\/\/www.interaccionnoticias.com.mx\/index.php?rest_route=%2Fwp%2Fv2%2Fcomments&post=5105"}],"version-history":[{"count":0,"href":"https:\/\/www.interaccionnoticias.com.mx\/index.php?rest_route=\/wp\/v2\/posts\/5105\/revisions"}],"wp:attachment":[{"href":"https:\/\/www.interaccionnoticias.com.mx\/index.php?rest_route=%2Fwp%2Fv2%2Fmedia&parent=5105"}],"wp:term":[{"taxonomy":"category","embeddable":true,"href":"https:\/\/www.interaccionnoticias.com.mx\/index.php?rest_route=%2Fwp%2Fv2%2Fcategories&post=5105"},{"taxonomy":"post_tag","embeddable":true,"href":"https:\/\/www.interaccionnoticias.com.mx\/index.php?rest_route=%2Fwp%2Fv2%2Ftags&post=5105"}],"curies":[{"name":"wp","href":"https:\/\/api.w.org\/{rel}","templated":true}]}}