{"id":51038,"date":"2022-09-23T16:40:44","date_gmt":"2022-09-23T21:40:44","guid":{"rendered":"https:\/\/interaccionnoticias.com.mx\/?p=51038"},"modified":"2022-09-23T16:40:49","modified_gmt":"2022-09-23T21:40:49","slug":"protestan-habitantes-de-ometepec-para-exigir-clave-para-un-jardin-de-ninos","status":"publish","type":"post","link":"https:\/\/www.interaccionnoticias.com.mx\/?p=51038","title":{"rendered":"Protestan habitantes de Ometepec para exigir clave para un Jard\u00edn de Ni\u00f1os"},"content":{"rendered":"\n<p><strong>Rosario Garc\u00eda Orozco<\/strong><\/p>\n\n\n\n<p><strong>Chilpancingo, Gro., 23 de septiembre del 2022.- <\/strong>Habitantes de la comunidad de Santa Mar\u00eda, del municipio de Ometepec, bloquearon el boulevard Ren\u00e9 Juarez, a la altura del Recinto Oficial del Poder Ejecutivo de Guerrero (ROPEG), para exigir la asignaci\u00f3n de una clave para un Jard\u00edn de Ni\u00f1os, que han solicitado desde hace 10 a\u00f1os.<\/p>\n\n\n\n<p>Los manifestantes explicaron que recientemente, en el mes de agosto, ya se encontraba la clave autorizada en la plataforma de la Secretar\u00eda de Educaci\u00f3n Guerrero (SEG), sin embargo, unos d\u00edas despu\u00e9s ya no estaba ese registro, por lo que cuestionaron a qu\u00e9 se deb\u00eda ese cambio.<\/p>\n\n\n\n<p>Dijeron que desde hace 10 a\u00f1os han solicitado que se asigne esa clave para que cuenten con maestros que tengan una plaza, salarios y prestaciones laborales, \u00abporque hasta este momento nos han educado a nuestros hijos sin recibir un salario\u00bb.<\/p>\n\n\n\n<p>Explicaron que el lunes pasado deb\u00edan estar en esa localidad y en el improvisado plantel autoridades educativas, pero no fueron, \u00aby nos vimos en la necesidad de trasladarnos en un viaje de 6 horas hasta Chilpancingo para protestar aqu\u00ed y exigir que escuchen nuestra demanda, y la resuelvan\u00bb.<\/p>\n\n\n\n<p>Advirtieron que si no les dan una respuesta favorable a su petici\u00f3n, van a radicalizar su protesta, \u00absi es necesario podemos llamar a m\u00e1s padres de familia a reforzar las actividades de protesta, porque ya nos cans\u00f3 que no nos hagan caso\u00bb.<\/p>\n","protected":false},"excerpt":{"rendered":"<p>Rosario Garc\u00eda Orozco Chilpancingo, Gro., 23 de septiembre del 2022.- Habitantes de la comunidad de Santa Mar\u00eda, del municipio de Ometepec, bloquearon el boulevard Ren\u00e9 Juarez, a la altura del&hellip; <\/p>\n","protected":false},"author":14,"featured_media":51039,"comment_status":"open","ping_status":"open","sticky":false,"template":"","format":"standard","meta":{"fifu_image_url":"","fifu_image_alt":"","footnotes":""},"categories":[6],"tags":[],"class_list":["post-51038","post","type-post","status-publish","format-standard","has-post-thumbnail","hentry","category-educacion"],"_links":{"self":[{"href":"https:\/\/www.interaccionnoticias.com.mx\/index.php?rest_route=\/wp\/v2\/posts\/51038","targetHints":{"allow":["GET"]}}],"collection":[{"href":"https:\/\/www.interaccionnoticias.com.mx\/index.php?rest_route=\/wp\/v2\/posts"}],"about":[{"href":"https:\/\/www.interaccionnoticias.com.mx\/index.php?rest_route=\/wp\/v2\/types\/post"}],"author":[{"embeddable":true,"href":"https:\/\/www.interaccionnoticias.com.mx\/index.php?rest_route=\/wp\/v2\/users\/14"}],"replies":[{"embeddable":true,"href":"https:\/\/www.interaccionnoticias.com.mx\/index.php?rest_route=%2Fwp%2Fv2%2Fcomments&post=51038"}],"version-history":[{"count":1,"href":"https:\/\/www.interaccionnoticias.com.mx\/index.php?rest_route=\/wp\/v2\/posts\/51038\/revisions"}],"predecessor-version":[{"id":51040,"href":"https:\/\/www.interaccionnoticias.com.mx\/index.php?rest_route=\/wp\/v2\/posts\/51038\/revisions\/51040"}],"wp:featuredmedia":[{"embeddable":true,"href":"https:\/\/www.interaccionnoticias.com.mx\/index.php?rest_route=\/wp\/v2\/media\/51039"}],"wp:attachment":[{"href":"https:\/\/www.interaccionnoticias.com.mx\/index.php?rest_route=%2Fwp%2Fv2%2Fmedia&parent=51038"}],"wp:term":[{"taxonomy":"category","embeddable":true,"href":"https:\/\/www.interaccionnoticias.com.mx\/index.php?rest_route=%2Fwp%2Fv2%2Fcategories&post=51038"},{"taxonomy":"post_tag","embeddable":true,"href":"https:\/\/www.interaccionnoticias.com.mx\/index.php?rest_route=%2Fwp%2Fv2%2Ftags&post=51038"}],"curies":[{"name":"wp","href":"https:\/\/api.w.org\/{rel}","templated":true}]}}