{"id":51036,"date":"2022-09-23T14:44:17","date_gmt":"2022-09-23T19:44:17","guid":{"rendered":"https:\/\/interaccionnoticias.com.mx\/?p=51036"},"modified":"2022-09-23T14:44:23","modified_gmt":"2022-09-23T19:44:23","slug":"padres-de-los-43-denuncian-parcialidad-en-resoluciones-del-juez-que-exonero-a-implicados-en-el-caso-iguala-ayotizinapa","status":"publish","type":"post","link":"https:\/\/www.interaccionnoticias.com.mx\/?p=51036","title":{"rendered":"Padres de los 43 denuncian parcialidad en resoluciones del juez que exoner\u00f3 a implicados en el caso Iguala-Ayotizinapa"},"content":{"rendered":"\n<p><strong><em>&#8212; Su caso ser\u00e1 llevado al Consejo de la Judicatura, advierte Vidulfo Rosales<\/em><\/strong><\/p>\n\n\n\n<p><strong>Rogelio Agust\u00edn<\/strong><\/p>\n\n\n\n<p>El abogado del colectivo \u201cNos Faltan 43\u201d, Vidulfo Rosales Sierra confirm\u00f3 que el juez Primero de Distrito, Samuel Ventura Ramos ha actuado con un sesgo que favorece a personas vinculadas con los ataques del 26 de septiembte de 2014, en contra de los estudiantes de la Normal Rural de Ayotzinapa.<\/p>\n\n\n\n<p>La jornada del jueves, el subsecretario de Seguridad P\u00fablica del Gobierno de la Rep\u00fablica, Ricardo Mej\u00eda Berdeja manifest\u00f3 la determinaci\u00f3n de proceder legalmente en contra del juez Ventura Ramos, quien ha facilitado la liberaci\u00f3n de alrededor de 120 personas relacionadas con el caso Ayotzinapa.<\/p>\n\n\n\n<p>Entre esos actos, se encuentra el que exoner\u00f3 de la desaparici\u00f3n de los 43 al ex alcalde de Iguala, Jos\u00e9 Luis Avarca Vel\u00e1zquez.<\/p>\n\n\n\n<p>Rosales Sierra reconoce que ah\u00ed existe una situaci\u00f3n complicada, pues las resoluciones en su mayor\u00eda se sustentan en el hecho de que muchas declaraciones inculpatorias se obtuvieron de manera il\u00edcita, pues fueron sometidos a tortura por \u00f3rdenes de ex funcionarios de la administraci\u00f3n de Enrique Pe\u00f1a Nieto.<\/p>\n\n\n\n<p>\u201cSe trata de pruebas que se obtuvieron mediante tortura y la manipulaci\u00f3n de evidencia, en la que el juez declar\u00f3 il\u00edcitas esas pruebas, de tal manera que ser\u00e1 dif\u00edcil que se subsanen\u201d, anot\u00f3.<\/p>\n\n\n\n<p>Sin embargo, destac\u00f3 que al seno del colectivo \u201cNos Faltan 43\u201d, se observa que hay resoluciones en las que se incurre en la parcialidad.<\/p>\n\n\n\n<p>Por ejemplo, dijo que en el caso de la absoluci\u00f3n de Jos\u00e9 Luis Abarca y 19 elementos de la Polic\u00eda Preventiva, se ha revisado y confirmafo que hay anomal\u00edas.<\/p>\n\n\n\n<p>\u201cNosotros observamos que hay una irregularidad, existe una revisi\u00f3n parcial, inadecuada e indebida de las mismas, por lo que observamos cierto sesgo en sus resoluciones\u201d, anot\u00f3.<\/p>\n\n\n\n<p>A manera de ejemplo, record\u00f3 que hay resoluciones en las que le resta valor a las declaraciones de los padres y madres de familia de los normalistas, adem\u00e1s de lo que han dicho los estudiantes que sobrevivieron a los ataques.<\/p>\n\n\n\n<p>El argumento del juez, va en el sentido de que fueron aportadas en copia certificada que correspond\u00edan a otra averiguaci\u00f3n, pero ese argumento de que no se puede incorporar, ya la hizo un juez anterior, pero atendiendo al criterio de que las pruebas se obtuvieron de manera ilegal.<\/p>\n\n\n\n<p>En el caso de los padres y los compa\u00f1eros de los 43, Vidulfo Rosales refiere que no fueron objeto de presi\u00f3n, por lo que debe existir otra valoraci\u00f3n.<\/p>\n\n\n\n<p>\u201cEn ese aspecto debi\u00f3 haber una valoraci\u00f3n distinta del juez, lo que nosotros no vemos, ah\u00ed el juez incurre en una incongruencia\u201d, asever\u00f3.<\/p>\n\n\n\n<p>El sesgo se confirma, cuando las declaraciones de Gildardo L\u00f3pez Astudillo, mejor conocido como el testigo \u201cJuan\u201d, se toman en cuenta a pesar de que se toman de otro expediente, pero se considera que tiene valor jur\u00eddico.<\/p>\n\n\n\n<p>\u201cNosotros observamos ah\u00ed una expresi\u00f3n de parcialidad, que en su momento deber\u00e1 llegar al Consejo de la Judicatura\u201d, anot\u00f3.<\/p>\n\n\n\n<p>Aunque no aporta detalles, se\u00f1ala que el proximo 27 de septiembre cerrar\u00e1n las protestas en la cabecera municipal de Iguala, por lo que sugiri\u00f3 a la poblaci\u00f2n mantenerse a la expectativa de lo que pueda suceder.<\/p>\n","protected":false},"excerpt":{"rendered":"<p>&#8212; Su caso ser\u00e1 llevado al Consejo de la Judicatura, advierte Vidulfo Rosales Rogelio Agust\u00edn El abogado del colectivo \u201cNos Faltan 43\u201d, Vidulfo Rosales Sierra confirm\u00f3 que el juez Primero&hellip; <\/p>\n","protected":false},"author":21,"featured_media":47408,"comment_status":"open","ping_status":"open","sticky":false,"template":"","format":"standard","meta":{"fifu_image_url":"","fifu_image_alt":"","footnotes":""},"categories":[15],"tags":[],"class_list":["post-51036","post","type-post","status-publish","format-standard","has-post-thumbnail","hentry","category-movimientos-sociales"],"_links":{"self":[{"href":"https:\/\/www.interaccionnoticias.com.mx\/index.php?rest_route=\/wp\/v2\/posts\/51036","targetHints":{"allow":["GET"]}}],"collection":[{"href":"https:\/\/www.interaccionnoticias.com.mx\/index.php?rest_route=\/wp\/v2\/posts"}],"about":[{"href":"https:\/\/www.interaccionnoticias.com.mx\/index.php?rest_route=\/wp\/v2\/types\/post"}],"author":[{"embeddable":true,"href":"https:\/\/www.interaccionnoticias.com.mx\/index.php?rest_route=\/wp\/v2\/users\/21"}],"replies":[{"embeddable":true,"href":"https:\/\/www.interaccionnoticias.com.mx\/index.php?rest_route=%2Fwp%2Fv2%2Fcomments&post=51036"}],"version-history":[{"count":1,"href":"https:\/\/www.interaccionnoticias.com.mx\/index.php?rest_route=\/wp\/v2\/posts\/51036\/revisions"}],"predecessor-version":[{"id":51037,"href":"https:\/\/www.interaccionnoticias.com.mx\/index.php?rest_route=\/wp\/v2\/posts\/51036\/revisions\/51037"}],"wp:featuredmedia":[{"embeddable":true,"href":"https:\/\/www.interaccionnoticias.com.mx\/index.php?rest_route=\/wp\/v2\/media\/47408"}],"wp:attachment":[{"href":"https:\/\/www.interaccionnoticias.com.mx\/index.php?rest_route=%2Fwp%2Fv2%2Fmedia&parent=51036"}],"wp:term":[{"taxonomy":"category","embeddable":true,"href":"https:\/\/www.interaccionnoticias.com.mx\/index.php?rest_route=%2Fwp%2Fv2%2Fcategories&post=51036"},{"taxonomy":"post_tag","embeddable":true,"href":"https:\/\/www.interaccionnoticias.com.mx\/index.php?rest_route=%2Fwp%2Fv2%2Ftags&post=51036"}],"curies":[{"name":"wp","href":"https:\/\/api.w.org\/{rel}","templated":true}]}}