{"id":51023,"date":"2022-09-23T14:17:33","date_gmt":"2022-09-23T19:17:33","guid":{"rendered":"https:\/\/interaccionnoticias.com.mx\/?p=51023"},"modified":"2022-09-23T14:17:37","modified_gmt":"2022-09-23T19:17:37","slug":"niega-manuel-anorve-la-existencia-del-primor","status":"publish","type":"post","link":"https:\/\/www.interaccionnoticias.com.mx\/?p=51023","title":{"rendered":"Niega Manuel A\u00f1orve la existencia del PRIMOR"},"content":{"rendered":"\n<p><strong><em>&#8212; \u201cA mi no me dobla nadie\u201d, sostiene, aunque admite que dialoga con el secretario de Gobernaci\u00f3n, sobre la presencia de las fuerzas armadas en temas de seguridad p\u00fablica<br>&#8212; Descarta que el tema ponga en riesgo la existencia del bloque opositor en las c\u00e1maras<\/em><\/strong><\/p>\n\n\n\n<p><strong>Rogelio Agust\u00edn<\/strong><\/p>\n\n\n\n<p>\u201cA mi no me dobla nadie\u201d, asever\u00f3 el senador priista Manuel A\u00f1orve Ba\u00f1os, al confirmar que dialoga con el secretario de Gobernaci\u00f3n, Ad\u00e1n Augusto L\u00f3pez sobre la iniciativa encaminada a prolongar la permanencia de las fuerzas armadas en tareas de Seguridad P\u00fablica, sin que esto materialice la existencia de lo que ya muchos denominan como el \u201cPRIMOR\u201d.<\/p>\n\n\n\n<p>\u201cNi modo que hable sobre el asunto con el espiritu santo\u201d, dijo el pol\u00edtico guerrerense, al justificar los acercamientos con el responsable de la pol\u00edtica interna en el pa\u00eds, as\u00ed como con el presidente de la Junta de Coordinaci\u00f3n Pol\u00edtica (Jucopo) en la c\u00e1mara alta, Ricardo Monreal Avila.<\/p>\n\n\n\n<p>El tambi\u00e9n ex alcalde de Acapulco sostiene que la iniciativa que se discute es del PRI, a pesar de las interpretaciones que se han dado a las declaraciones hechas por el presidente de la Rep\u00fablica, Andr\u00e9s Manuel L\u00f3pez Obrador, en el sentido de que la volver\u00e1 a presentar cuando lo considere pertinente.<\/p>\n\n\n\n<p>Tambi\u00e9n, neg\u00f3 que el tema vaya a propiciar una ruptura al seno del bloque opositor, pues se\u00f1al\u00f3 que se trata de una coyuntura en la que el 85 por ciento de la poblaci\u00f3n espera que haya una determinaci\u00f3n favorable a la permanencia de las fuerzas armadas en los trabajos de seguridad p\u00fablica, derivado de la crisis que enfrentan las polic\u00edas de los estados y los municipios.<\/p>\n\n\n\n<p><strong>S\u00ed, dialogo con el secretario de Gobernaci\u00f3n<\/strong><\/p>\n\n\n\n<p>De manera inicial, el ex alcalde de Acapulco reconoce que su nombre en estos momentos se encuentra en medio de la especulaci\u00f3n a nivel nacional, entre otras cosas, porque no aparece en la lista de representantes populares que se oponen a respaldar la permanencia de los militares en tareas de seguridad.<\/p>\n\n\n\n<p>Asumi\u00f3 que todos lo que forman parte de la vida parlamentaria deben buscar siempre la posibilidad de alcanzar acuerdos, de lo contrario, su permanencia en las c\u00e1maras no tiene sentido.<\/p>\n\n\n\n<p>Admiti\u00f3 que hay un momento de polarizaci\u00f3n, similar al que se vivi\u00f3 cuando se cre\u00f3 la Guardia Nacional (GN), lo que al final de cuentas se logr\u00f3 con un consenso importante.<\/p>\n\n\n\n<p>Ahora que el dictamen sobre la participaci\u00f3n de las fuerzas armadas se regres\u00f3 a comisiones, dijo que se abre el espacio propicio para impulsar un proceso de reflexi\u00f3n y generar la instalaci\u00f3n de mesas de trabajo con todos los grupos parlamentarios, para que no se caiga en la paralizaci\u00f3n.<\/p>\n\n\n\n<p>En ese contexto, dijo que se est\u00e1 prooviendo que de manera frecuente comparezcan ante el Senado los titulares de la Defensa Nacional, de Marina y de Seguridad P\u00fablica, para efecto de que rindan cuentas sobre los resultados que aporten, lo que ser\u00e1 evaluado por una comisi\u00f3n de expertos en el tema.<\/p>\n\n\n\n<p>La inteni\u00f3n es sacar el tema de las conferencias matutinas del presidente de la Rep\u00fablica, lo que permitir\u00e1 incluso la participaci\u00f3n de la Comisi\u00f3n Interamericana de Derechos Humanos (CIDH).<\/p>\n\n\n\n<p>A\u00f1orve sostiene que lo que se busca es destrabar el asunto, porque de acuerdo con diferentes estudios, el 85 por ciento de la poblaci\u00f3n del pa\u00eds quiere que tanto la Marina como el Ej\u00e9rcito contin\u00faen realizando tareas de seguridad p\u00fablica, por eso es que plantea que sobre el tema aporten sus opiniones los gobernadores y los alcaldes de las ciudades que enfrentan momentos dif\u00edciles por la actividad de los grupos delictivos.<\/p>\n\n\n\n<p>\u201cNadie va a pedir que en estos momentos los militares regresen a sus cuarteles\u201d, asever\u00f3.<\/p>\n\n\n\n<p>Y respecto a quienes son las partes con las que se est\u00e1 hablando, el senador del tricolor anot\u00f3: \u201cPues estamos platicando con el Gobierno (de la Rep\u00fablica), no es que vea al secretario (en lo oscurito) si mi compa\u00f1ero Ricardo Monreal representa la postura del gobierno, pues no lo puedo platicar con el espiritu santo\u201d.<\/p>\n\n\n\n<p>Ironiz\u00f3: \u201cQue dicen que si yo ando de ayudante, pues nadie se atrevi\u00f3 a decier que en el senado estaban los secretarios de Marina y de la Defensa\u201d.<\/p>\n\n\n\n<p>Luego precis\u00f3: \u201cHe hablado por tel\u00e9fono con el secretario de Gobernaci\u00f3n (Ad\u00e1n Augusto L\u00f3pez) \u00bfA qui\u00e9n debemos de convencer que debemos reformar el art\u00edculo 5\u00ba transitorio? Porque se deben apobar algunas propuestas que seguramente enriquecer\u00e1n los dem\u00e1s grupos parlamentarios\u201d.<\/p>\n\n\n\n<p>Agreg\u00f3 que durante la administraci\u00f3n pri\u00edsta de Enrique Pe\u00f1a Nieto, la oposici\u00f3n del PRD y PAN dialogaban con el entonces secretario de Gobernaci\u00f3n, Miguel Osorio Chong y el secretario de Hacienda, Luis Videgaray, lo que permiti\u00f3 aterrizar el Pacto por M\u00e9xico.<\/p>\n\n\n\n<p>En consencuencia, dijo que no va a negar que ha dialogado con el titular de Gobernaci\u00f3n y con el presidente de la Jucopo, aunque sostiene que ha sido por tel\u00e9fono y que no es el \u00fanico.<\/p>\n\n\n\n<p>Coment\u00f3 que la jornada del jueves estuvo en el caf\u00e9 Habana, en la Ciudad de M\u00e9xico y su asistente se estacion\u00f3 frente a la Secretar\u00eda de Gobernaci\u00f3n, aunque sostuvo que nunca negar\u00e1 que dialoga con quien puede ayudar a generar acuerdos y consensos en un tema que le importa en mucho al pa\u00eds.<\/p>\n\n\n\n<p><strong>No me dobla nadie<\/strong><\/p>\n\n\n\n<p>Respecto al hecho de que su nombre no est\u00e9 en la lista de senadores que se oponen a la permanencia de las fuerzas armadas en las calles, dijo que lo ignora y que tampoco es un caso exclusivo en su bancada.<\/p>\n\n\n\n<p>Para salirle al paso a la discusi\u00f3n asever\u00f3: \u201cA mi no me dobla nadie, lo mismo dec\u00edan con la Guardia Nacional, cuando se\u00f1alamos la necesidad de crear una corporaci\u00f3n solida cuando desapareciera la Polic\u00eda Federal\u201d.<\/p>\n\n\n\n<p>Sostuvo que en las reuniones que sostiene de manera recurrente con grupos de empresarios, le insisten en el sentido de que no se retire a soldados ni marinos de la colaboraci\u00f3n con las polic\u00edas.<\/p>\n\n\n\n<p><strong>No hay PRIMOR<\/strong><\/p>\n\n\n\n<p>Neg\u00f3 la existencia de una nueva alianza pol\u00edtica entre Morena y el PRI, de tal suerte que no existe lo que muchos denominan como el PRIMOR.<\/p>\n\n\n\n<p>\u201cNo, lo que hay son coyunturas pol\u00edticas, hay alianzas parlamentarias, que no son alianzas de car\u00e1cter electoral, esas son cosas muy distintas\u201d, asever\u00f3.<\/p>\n\n\n\n<p>Admiti\u00f3 que tiene buena relaci\u00f3n con el titular de la SEGOB, pues han coincidido en tareas anteriores, como diputados federales, pero aclar\u00f3 que eso no implica tener una relaci\u00f3n de sumisi\u00f3n.<\/p>\n\n\n\n<p>En lo que s\u00ed existe coincidencia, es en el hecho de que la polarizaci\u00f3n no le favorece al pa\u00eds.<\/p>\n\n\n\n<p>En consecuencia, neg\u00f3 que corra peligro la alianza opositora que existe en las c\u00e1maras de senadores y diputados, pues insisti\u00f3 en que se trata de un tema de coyuntura que se resolver\u00e1 en los t\u00e9rminos que m\u00e1s le convienen a la naci\u00f3n.<\/p>\n\n\n\n<p>\u201cLa verdad es que yo no necesito ir a ver al secretario, solamente le marco y el amablemente se reporta, voy a seguir haci\u00e9ndolo porque queremos incorporar varios temas que nos importan, estamos haciendo buena pol\u00edtica y vamos a tratar de que las propuestas se consoliden\u201d, anot\u00f3.<\/p>\n","protected":false},"excerpt":{"rendered":"<p>&#8212; \u201cA mi no me dobla nadie\u201d, sostiene, aunque admite que dialoga con el secretario de Gobernaci\u00f3n, sobre la presencia de las fuerzas armadas en temas de seguridad p\u00fablica&#8212; Descarta&hellip; <\/p>\n","protected":false},"author":21,"featured_media":51024,"comment_status":"open","ping_status":"open","sticky":false,"template":"","format":"standard","meta":{"fifu_image_url":"","fifu_image_alt":"","footnotes":""},"categories":[21],"tags":[],"class_list":["post-51023","post","type-post","status-publish","format-standard","has-post-thumbnail","hentry","category-politica"],"_links":{"self":[{"href":"https:\/\/www.interaccionnoticias.com.mx\/index.php?rest_route=\/wp\/v2\/posts\/51023","targetHints":{"allow":["GET"]}}],"collection":[{"href":"https:\/\/www.interaccionnoticias.com.mx\/index.php?rest_route=\/wp\/v2\/posts"}],"about":[{"href":"https:\/\/www.interaccionnoticias.com.mx\/index.php?rest_route=\/wp\/v2\/types\/post"}],"author":[{"embeddable":true,"href":"https:\/\/www.interaccionnoticias.com.mx\/index.php?rest_route=\/wp\/v2\/users\/21"}],"replies":[{"embeddable":true,"href":"https:\/\/www.interaccionnoticias.com.mx\/index.php?rest_route=%2Fwp%2Fv2%2Fcomments&post=51023"}],"version-history":[{"count":1,"href":"https:\/\/www.interaccionnoticias.com.mx\/index.php?rest_route=\/wp\/v2\/posts\/51023\/revisions"}],"predecessor-version":[{"id":51025,"href":"https:\/\/www.interaccionnoticias.com.mx\/index.php?rest_route=\/wp\/v2\/posts\/51023\/revisions\/51025"}],"wp:featuredmedia":[{"embeddable":true,"href":"https:\/\/www.interaccionnoticias.com.mx\/index.php?rest_route=\/wp\/v2\/media\/51024"}],"wp:attachment":[{"href":"https:\/\/www.interaccionnoticias.com.mx\/index.php?rest_route=%2Fwp%2Fv2%2Fmedia&parent=51023"}],"wp:term":[{"taxonomy":"category","embeddable":true,"href":"https:\/\/www.interaccionnoticias.com.mx\/index.php?rest_route=%2Fwp%2Fv2%2Fcategories&post=51023"},{"taxonomy":"post_tag","embeddable":true,"href":"https:\/\/www.interaccionnoticias.com.mx\/index.php?rest_route=%2Fwp%2Fv2%2Ftags&post=51023"}],"curies":[{"name":"wp","href":"https:\/\/api.w.org\/{rel}","templated":true}]}}