{"id":51020,"date":"2022-09-23T13:42:25","date_gmt":"2022-09-23T18:42:25","guid":{"rendered":"https:\/\/interaccionnoticias.com.mx\/?p=51020"},"modified":"2022-09-23T13:42:31","modified_gmt":"2022-09-23T18:42:31","slug":"reporta-la-secretaria-de-salud-59-casos-activos-de-covid-19-en-guerrero-la-ocupacion-hospitalaria-es-del-1-por-ciento","status":"publish","type":"post","link":"https:\/\/www.interaccionnoticias.com.mx\/?p=51020","title":{"rendered":"Reporta la Secretar\u00eda de Salud 59 casos activos de Covid-19 en Guerrero; la ocupaci\u00f3n hospitalaria es del 1 por ciento"},"content":{"rendered":"\n<p><strong><em>&#8212; Llaman a la poblaci\u00f3n a mantener las medias preventivas para evitar contagios<\/em><\/strong><\/p>\n\n\n\n<p><strong>Chilpancingo, Gro., 23 de septiembre 2022.- <\/strong>La Secretar\u00eda de Salud en la entidad, inform\u00f3 que al 22 de septiembre, en Guerrero se registran 59 casos activos de Covid-19, de los cuales 11 y una defunci\u00f3n se registraron en las \u00faltimas 24 horas, manteniendo una ocupaci\u00f3n hospitalaria del 1 por ciento.<\/p>\n\n\n\n<p>Indic\u00f3 que, de acuerdo con el informe t\u00e9cnico, Guerrero ocupa el lugar 29 a nivel nacional en casos activos distribuidos en 15 municipios, entre ellos, Acapulco, 20; Chilpancingo, 9; Taxco, 9; Iguala, 5; Alcozauca, 2; Pungarabato, 2; Tlalchapa, 2; Zihuatanejo, 2; Zir\u00e1ndaro, 2, y Ajuchitl\u00e1n, 1.<\/p>\n\n\n\n<p>Tras indicar que desde el inicio de la pandemia Guerrero acumula 115,656 casos confirmados y 6,840 defunciones por Covid-19, la Secretar\u00eda de Salud reiter\u00f3 el llamado a la poblaci\u00f3n a mantener las medidas preventivas, a fin de disminuir la incidencia de casos activos, como el uso de cubrebocas, sana distancia de 1.5 metros, lavado constante de manos y evitar aglomeraciones.<\/p>\n","protected":false},"excerpt":{"rendered":"<p>&#8212; Llaman a la poblaci\u00f3n a mantener las medias preventivas para evitar contagios Chilpancingo, Gro., 23 de septiembre 2022.- La Secretar\u00eda de Salud en la entidad, inform\u00f3 que al 22&hellip; <\/p>\n","protected":false},"author":19,"featured_media":51021,"comment_status":"open","ping_status":"open","sticky":false,"template":"","format":"standard","meta":{"fifu_image_url":"","fifu_image_alt":"","footnotes":""},"categories":[3],"tags":[],"class_list":["post-51020","post","type-post","status-publish","format-standard","has-post-thumbnail","hentry","category-covid-19"],"_links":{"self":[{"href":"https:\/\/www.interaccionnoticias.com.mx\/index.php?rest_route=\/wp\/v2\/posts\/51020","targetHints":{"allow":["GET"]}}],"collection":[{"href":"https:\/\/www.interaccionnoticias.com.mx\/index.php?rest_route=\/wp\/v2\/posts"}],"about":[{"href":"https:\/\/www.interaccionnoticias.com.mx\/index.php?rest_route=\/wp\/v2\/types\/post"}],"author":[{"embeddable":true,"href":"https:\/\/www.interaccionnoticias.com.mx\/index.php?rest_route=\/wp\/v2\/users\/19"}],"replies":[{"embeddable":true,"href":"https:\/\/www.interaccionnoticias.com.mx\/index.php?rest_route=%2Fwp%2Fv2%2Fcomments&post=51020"}],"version-history":[{"count":1,"href":"https:\/\/www.interaccionnoticias.com.mx\/index.php?rest_route=\/wp\/v2\/posts\/51020\/revisions"}],"predecessor-version":[{"id":51022,"href":"https:\/\/www.interaccionnoticias.com.mx\/index.php?rest_route=\/wp\/v2\/posts\/51020\/revisions\/51022"}],"wp:featuredmedia":[{"embeddable":true,"href":"https:\/\/www.interaccionnoticias.com.mx\/index.php?rest_route=\/wp\/v2\/media\/51021"}],"wp:attachment":[{"href":"https:\/\/www.interaccionnoticias.com.mx\/index.php?rest_route=%2Fwp%2Fv2%2Fmedia&parent=51020"}],"wp:term":[{"taxonomy":"category","embeddable":true,"href":"https:\/\/www.interaccionnoticias.com.mx\/index.php?rest_route=%2Fwp%2Fv2%2Fcategories&post=51020"},{"taxonomy":"post_tag","embeddable":true,"href":"https:\/\/www.interaccionnoticias.com.mx\/index.php?rest_route=%2Fwp%2Fv2%2Ftags&post=51020"}],"curies":[{"name":"wp","href":"https:\/\/api.w.org\/{rel}","templated":true}]}}