{"id":51009,"date":"2022-09-23T07:13:57","date_gmt":"2022-09-23T12:13:57","guid":{"rendered":"https:\/\/interaccionnoticias.com.mx\/?p=51009"},"modified":"2022-09-23T07:14:02","modified_gmt":"2022-09-23T12:14:02","slug":"ensabanado-y-asesinado","status":"publish","type":"post","link":"https:\/\/www.interaccionnoticias.com.mx\/?p=51009","title":{"rendered":"Ensabanado y asesinado"},"content":{"rendered":"\n<p><strong>&#8212; Hechos en Acapulco<br>&#8212; Dejan a un hombre asesinado envuelto en una s\u00e1bana<\/strong><\/p>\n\n\n\n<p><strong>Javier Trujillo<\/strong><\/p>\n\n\n\n<p>Acapulco, Gro.- Envuelto en una s\u00e1bana, qued\u00f3 el cad\u00e1ver de un hombre, atado de pies y manos, sin vida en las inmediaciones de la carretera federal M\u00e9xico-Acapulco, en la zona suburbana de este destino tur\u00edstico.<\/p>\n\n\n\n<p>El crimen se report\u00f3 al Servicio de Emergencia del 911, a las diferentes autoridades policiales y ministeriales al filo de las 19:00 horas de este jueves en la v\u00eda federal cerca del pante\u00f3n Valle de la Luz y la gasolinera.<\/p>\n\n\n\n<p>Hasta la escena del cr\u00edmen acudieron efectivos de la Marina Armada de M\u00e9xico, Polic\u00edas Estatales y agentes ministeriales quienes confirmaron el hecho y en seguida acordonaron la zona donde estaba un hombre a las orillas de la v\u00eda federal.<\/p>\n\n\n\n<p>De acuerdo con informaci\u00f3n de autoridades ministeriales, el hombre estaba envuelto en una s\u00e1bana, atado de pies y manos con una cuerda, as\u00ed como una bolsa de pl\u00e1stico negra en la cabeza.<\/p>\n\n\n\n<p>M\u00e1s tarde, lleg\u00f3 personal de los Servicios Periciales a realizar las diligencias de ley, y posteriormente se llev\u00f3 a cabo el levantamiento cadav\u00e9rico por personal del Servicio M\u00e9dico Forense (SEMEFO) y trasladado a la morgue de El Quemado, en calidad de desconocido.<\/p>\n","protected":false},"excerpt":{"rendered":"<p>&#8212; Hechos en Acapulco&#8212; Dejan a un hombre asesinado envuelto en una s\u00e1bana Javier Trujillo Acapulco, Gro.- Envuelto en una s\u00e1bana, qued\u00f3 el cad\u00e1ver de un hombre, atado de pies&hellip; <\/p>\n","protected":false},"author":3,"featured_media":51010,"comment_status":"open","ping_status":"open","sticky":false,"template":"","format":"standard","meta":{"fifu_image_url":"","fifu_image_alt":"","footnotes":""},"categories":[27],"tags":[],"class_list":["post-51009","post","type-post","status-publish","format-standard","has-post-thumbnail","hentry","category-seguridad-publica"],"_links":{"self":[{"href":"https:\/\/www.interaccionnoticias.com.mx\/index.php?rest_route=\/wp\/v2\/posts\/51009","targetHints":{"allow":["GET"]}}],"collection":[{"href":"https:\/\/www.interaccionnoticias.com.mx\/index.php?rest_route=\/wp\/v2\/posts"}],"about":[{"href":"https:\/\/www.interaccionnoticias.com.mx\/index.php?rest_route=\/wp\/v2\/types\/post"}],"author":[{"embeddable":true,"href":"https:\/\/www.interaccionnoticias.com.mx\/index.php?rest_route=\/wp\/v2\/users\/3"}],"replies":[{"embeddable":true,"href":"https:\/\/www.interaccionnoticias.com.mx\/index.php?rest_route=%2Fwp%2Fv2%2Fcomments&post=51009"}],"version-history":[{"count":1,"href":"https:\/\/www.interaccionnoticias.com.mx\/index.php?rest_route=\/wp\/v2\/posts\/51009\/revisions"}],"predecessor-version":[{"id":51011,"href":"https:\/\/www.interaccionnoticias.com.mx\/index.php?rest_route=\/wp\/v2\/posts\/51009\/revisions\/51011"}],"wp:featuredmedia":[{"embeddable":true,"href":"https:\/\/www.interaccionnoticias.com.mx\/index.php?rest_route=\/wp\/v2\/media\/51010"}],"wp:attachment":[{"href":"https:\/\/www.interaccionnoticias.com.mx\/index.php?rest_route=%2Fwp%2Fv2%2Fmedia&parent=51009"}],"wp:term":[{"taxonomy":"category","embeddable":true,"href":"https:\/\/www.interaccionnoticias.com.mx\/index.php?rest_route=%2Fwp%2Fv2%2Fcategories&post=51009"},{"taxonomy":"post_tag","embeddable":true,"href":"https:\/\/www.interaccionnoticias.com.mx\/index.php?rest_route=%2Fwp%2Fv2%2Ftags&post=51009"}],"curies":[{"name":"wp","href":"https:\/\/api.w.org\/{rel}","templated":true}]}}