{"id":51003,"date":"2022-09-22T20:33:00","date_gmt":"2022-09-23T01:33:00","guid":{"rendered":"https:\/\/interaccionnoticias.com.mx\/?p=51003"},"modified":"2022-09-22T20:33:04","modified_gmt":"2022-09-23T01:33:04","slug":"insiste-ricardo-mejia-berdeja-en-que-se-procedera-contra-el-juez-que-absolvio-a-jose-luis-abarca-por-el-delito-de-secuestro","status":"publish","type":"post","link":"https:\/\/www.interaccionnoticias.com.mx\/?p=51003","title":{"rendered":"Insiste Ricardo Mej\u00eda Berdeja en que se proceder\u00e1 contra el juez que absolvi\u00f3 a Jos\u00e9 Lu\u00eds Abarca por el delito de secuestro"},"content":{"rendered":"\n<p><strong><em>&#8212; El pasado 20 de septiembre el mismo juez absolvi\u00f3 a 24 personas m\u00e1s relacionadas son la agresi\u00f3n al estudiante Aldo Guti\u00e9rrez<\/em><\/strong><\/p>\n\n\n\n<p><strong>Rosario Garc\u00eda Orozco<\/strong><\/p>\n\n\n\n<p><strong>Chilpancingo, Gro., 22 de septiembre del 2022.-<\/strong> El Subsecretario de seguridad del gobierno de la Rep\u00fablica, Ricardo Mej\u00eda Berdeja insisti\u00f3 en que se proceder\u00e1 jur\u00eddicamente en contra del Juez Primero de Distrito, Samuel Ventura Ramos, quien el pasado 20 de septiembre absolvi\u00f3 a 24 detenidos por homicidio en grado de tentativa, por la agresi\u00f3n contra el estudiante de Ayotzinapa Aldo Guti\u00e9rrez Solano, quien desde el 27 de septiembre del 2014 hasta la fecha se encuentra en estado vegetativo.<\/p>\n\n\n\n<p>Puntualiz\u00f3 que a pesar de que por ese delito ya fueron absueltos los procesados, permanecer\u00e1n en prisi\u00f3n por otros delitos que cometieron.<\/p>\n\n\n\n<p>\u00abEst\u00e1 no es la primera vez que este juez comete ese tipo de sentencias absolutorias\u00bb, dijo el funcionario federal, quien aclar\u00f3 que el presidente municipal de Iguala, Jos\u00e9 Luis Abarca tambi\u00e9n fue absuelto por el delito de secuestro por el mismo juez, pero aclar\u00f3 que el ex edil sigue el prisi\u00f3n por otros delitos.<\/p>\n\n\n\n<p>Explic\u00f3 que en total ya suman 120 sentencias absolutorias dictadas por el mismo juez, \u00abpor esta situaci\u00f3n se va a presentar una queja ante el Consejo de la Judicatura e incluso una denuncia penal, porque recurrentemente ese juez argumenta cuestiones procedimentales, cuestiones procesales, temas de debido proceso, que en nuestra opini\u00f3n no ha sido debido proceso, sino un debido pretexto para no hacer justicia a las v\u00edctimas de los hechos de Ayotzinapa\u00bb.<\/p>\n\n\n\n<p>El pasado 14 de septiembre se dio a conocer que Jos\u00e9 Luis Abarca hab\u00eda sido absuelto por un juez de Tamaulipas, al respecto, su abogado, Alejandro Rojas Arellano inform\u00f3 en ese momento que de acuerdo al juez, se determin\u00f3 absolver a Jos\u00e9 Luis Abarca, por falta de pruebas en su supuesta responsabilidad por la desaparici\u00f3n de los 43 normalistas de Ayotzinapa, ocurrida en el municipio de Iguala durante la noche del 26 y la madrugada del 27 de septiembre de 2014.<\/p>\n\n\n\n<p>Jos\u00e9 Luis Abarca fue recluido en el Penal del Altiplano, acusado en 2014 en la causa penal 66\/2015 por los delitos de secuestro y delincuencia organizada, relacionada con la desaparici\u00f3n de los normalistas.<\/p>\n","protected":false},"excerpt":{"rendered":"<p>&#8212; El pasado 20 de septiembre el mismo juez absolvi\u00f3 a 24 personas m\u00e1s relacionadas son la agresi\u00f3n al estudiante Aldo Guti\u00e9rrez Rosario Garc\u00eda Orozco Chilpancingo, Gro., 22 de septiembre&hellip; <\/p>\n","protected":false},"author":14,"featured_media":51004,"comment_status":"open","ping_status":"open","sticky":false,"template":"","format":"standard","meta":{"fifu_image_url":"","fifu_image_alt":"","footnotes":""},"categories":[27],"tags":[],"class_list":["post-51003","post","type-post","status-publish","format-standard","has-post-thumbnail","hentry","category-seguridad-publica"],"_links":{"self":[{"href":"https:\/\/www.interaccionnoticias.com.mx\/index.php?rest_route=\/wp\/v2\/posts\/51003","targetHints":{"allow":["GET"]}}],"collection":[{"href":"https:\/\/www.interaccionnoticias.com.mx\/index.php?rest_route=\/wp\/v2\/posts"}],"about":[{"href":"https:\/\/www.interaccionnoticias.com.mx\/index.php?rest_route=\/wp\/v2\/types\/post"}],"author":[{"embeddable":true,"href":"https:\/\/www.interaccionnoticias.com.mx\/index.php?rest_route=\/wp\/v2\/users\/14"}],"replies":[{"embeddable":true,"href":"https:\/\/www.interaccionnoticias.com.mx\/index.php?rest_route=%2Fwp%2Fv2%2Fcomments&post=51003"}],"version-history":[{"count":1,"href":"https:\/\/www.interaccionnoticias.com.mx\/index.php?rest_route=\/wp\/v2\/posts\/51003\/revisions"}],"predecessor-version":[{"id":51005,"href":"https:\/\/www.interaccionnoticias.com.mx\/index.php?rest_route=\/wp\/v2\/posts\/51003\/revisions\/51005"}],"wp:featuredmedia":[{"embeddable":true,"href":"https:\/\/www.interaccionnoticias.com.mx\/index.php?rest_route=\/wp\/v2\/media\/51004"}],"wp:attachment":[{"href":"https:\/\/www.interaccionnoticias.com.mx\/index.php?rest_route=%2Fwp%2Fv2%2Fmedia&parent=51003"}],"wp:term":[{"taxonomy":"category","embeddable":true,"href":"https:\/\/www.interaccionnoticias.com.mx\/index.php?rest_route=%2Fwp%2Fv2%2Fcategories&post=51003"},{"taxonomy":"post_tag","embeddable":true,"href":"https:\/\/www.interaccionnoticias.com.mx\/index.php?rest_route=%2Fwp%2Fv2%2Ftags&post=51003"}],"curies":[{"name":"wp","href":"https:\/\/api.w.org\/{rel}","templated":true}]}}