{"id":51000,"date":"2022-09-22T20:27:43","date_gmt":"2022-09-23T01:27:43","guid":{"rendered":"https:\/\/interaccionnoticias.com.mx\/?p=51000"},"modified":"2022-09-22T20:27:48","modified_gmt":"2022-09-23T01:27:48","slug":"por-gazapo-en-conteo-en-memoria-de-los-43-diputado-local-del-prd-ofrece-una-disculpa-publica","status":"publish","type":"post","link":"https:\/\/www.interaccionnoticias.com.mx\/?p=51000","title":{"rendered":"Por \u201cgazapo\u201d en conteo en memoria de los 43, diputado local del PRD ofrece una disculpa p\u00fablica"},"content":{"rendered":"\n<p><strong><em>&#8212; Bernardo Ortega sigui\u00f3 el conteo hasta el 46, cuando ya sus compa\u00f1eros gritaban \u201cjusticia\u201d por los estudiantes desaparecidos desde hace ocho a\u00f1os<br>&#8212; Respeto, le exigen sus compa\u00f1eros de la bancada de Morena; Alfredo S\u00e1nchez y Mar\u00eda Flores Maldonado<br>&#8212; \u201cPerd\u00f3n\u201d, se\u00f1ala al darse cuenta, despu\u00e9s se disculpa en redes sociales<\/em><\/strong><\/p>\n\n\n\n<p><strong>Rogelio Agust\u00edn<\/strong><\/p>\n\n\n\n<p>En conteo que el Congreso local hizo en memoria de los 43 normalistas rurales desaparecidos, el diputado local del PRD, Bernardo Ortega Jim\u00e9nez se sigui\u00f3 de largo hasta el 46, lo que propici\u00f3 un reclamo de sus compa\u00f1eros de legislatura y por lo que m\u00e1s tarde solicit\u00f3 una disculpa p\u00fablica.<\/p>\n\n\n\n<p>En la parte final de la sesi\u00f3n que se desarroll\u00f3 la tarde del jueves 22 de septiembre, la diputada Morenista, Nora Yaned Vel\u00e1zquez hizo uso de la palabra en tribuna para hacer referencia al caso, que el lunes 26 de septiembre cumplir\u00e1 ocho a\u00f1os de ocurrido.<\/p>\n\n\n\n<p>La ex dirigente estatal de Morena, sostuvo que la conclusi\u00f3n a la que lleg\u00f3 la Comisi\u00f3n para la Justicia y la Verdad, a cargo de Alejandro Encinas Rodr\u00edguez es contundente: \u201cFue un crimen de Estado\u201d.<\/p>\n\n\n\n<p>A casi ocho a\u00f1os de distancia, record\u00f3 que existe certeza respecto al momento, las 22:45 horas del viernes 26 de septiembre, cuando se dio la orden de desaparecer a los estudiantes.<\/p>\n\n\n\n<p>Indic\u00f3: \u201cQuien se atreva a defender la verdad hist\u00f3rica (de Jes\u00fas Murillo Karam) se muestra como c\u00f3mplice\u201d.<\/p>\n\n\n\n<p>Luego, ofreci\u00f3 el compromiso \u201cineludible\u201d para que el Congreso de Guerrero acompa\u00f1e a los padres de los 43, en el \u00e1mbito de sus atribuciones para seguir adelante en el reclamo de justicia, con la certeza de que \u201cel pacto de impunidad y de silencio\u201d que hab\u00eda en torno al caso ya se rompi\u00f3.<\/p>\n\n\n\n<p>Sobre el mismo tema solicit\u00f3 la palabra el ex presidente de la Junta de Coordinaci\u00f3n Pol\u00edtica (Jucopo), Alfredo S\u00e1nchez Esquivel, quien invit\u00f3 a los padres agraviados por los ataques, a los estudiantes de Ayotzinapa y la sociedad en general a no guardar silencio.<\/p>\n\n\n\n<p>\u201cSi se calla el cantor calla la vida; si se calla el cantor se acaba el canto\u201d, parafraseo una estrofa de canto nuevo.<\/p>\n\n\n\n<p>Salud\u00f3 el hecho de que la verdad avanza y con ello se acerca la justicia para las familias afectadas.<\/p>\n\n\n\n<p>Record\u00f3 que las investigaciones apuntan hacia un c\u00f3nclave en el que funcionarios empoderados en 2014 armaron lo que ahora se conoce como verdad hist\u00f3rica, por lo que insisti\u00f3 en no guardar silencio.<\/p>\n\n\n\n<p>Indic\u00f3 que de los normalistas solamente se difunde con fuerza el resultado y desarrollo de las protestas, lo que contribuye a la estigmatizaci\u00f3n, pero llam\u00f3 a conocer la realidad que enfrenta el normalismo rural.<\/p>\n\n\n\n<p>\u201cNunca callen, porque si hubiese sido un hijo, un hermano de nosotros nunca callar\u00edamos\u201d, areng\u00f3.<\/p>\n\n\n\n<p><strong>El gazapo de Ortega<\/strong><\/p>\n\n\n\n<p>Alfredo S\u00e1nchez cerraba su intervenci\u00f3n cuando en la bancada de Morena inici\u00f3 un conteo de 1 al 43, en alusi\u00f3n al n\u00famero de estudiantes que est\u00e1n por cumplir ocho a\u00f1os en calidad de desaparecidos.<\/p>\n\n\n\n<p>Al llegar al 43, el grito uniforme en la sala de Pleno fue de -justicia-, pero en el pasillo que divide a las curules de las fracciones parlamentarias del PRI y del PRD, el diputado Bernardo Ortega se sigui\u00f3 de largo contando hasta el 46, lo que tom\u00f3 por sorpresa y gener\u00f3 malestar.<\/p>\n\n\n\n<p>-Ese es el nivel de respeto que hay hacia los 43-, reproch\u00f3 desde las curules de Morena el diputado S\u00e1nchez Esquivel, mientras su compa\u00f1era, Mar\u00eda Flores Maldonado se sumaba al reclamo levantando la voz.<\/p>\n\n\n\n<p>Cuando se percat\u00f3 del error, Ortega alcanz\u00f3 a exclamar \u201chay perd\u00f3n\u201d, se dio la media vuelta y camin\u00f3 presuroso, esboz\u00f3 una mueca nerviosa, encogi\u00f3 los hombros al escuchar los reclamos de sus compa\u00f1eros mientras se acomodaba en su asiento, sin atinar a pronunciar m\u00e1s palabras.<\/p>\n\n\n\n<p><strong>La disculpa publica<\/strong><\/p>\n\n\n\n<p>Poco despu\u00e9s de que terminara la sesi\u00f3n, Bernardo Ortega Jim\u00e9nez coloc\u00f3 en la p\u00e1gina de la fracci\u00f3n parlamentaria del PRD una disculpa p\u00fablica para el movimiento que reivindica la presentaci\u00f3n con vida de los 43.<\/p>\n\n\n\n<p>\u201cPor una distracci\u00f3n prosegu\u00ed el conteo y aunque de inmediato rectifiqu\u00e9, ofrezco una disculpa al movimiento social que exige su presentaci\u00f3n con vida\u201d.<\/p>\n\n\n\n<p>Se reivindic\u00f3 como un hombre formado en la izquierda, por lo que asever\u00f3: \u201cSoy solidario con las causas de la gente y por ello con humildad hado p\u00fablico este pronunciamiento\u201d.<\/p>\n\n\n\n<p>Bernardo Ortega fue presidente de la Comisi\u00f3n de Gobierno en la 60 Legislatura, misma que se encontraba en funciones cuando se suscitaron los ataques en Iguala de la Independencia, esa legislatura fue la que recibi\u00f3 al procedimiento legal que quit\u00f3 el fuero al entonces presidente municipal Jos\u00e9 Luis Abarca Vel\u00e1zquez, lo que permiti\u00f3 que perdiera la inmunidad ante la acci\u00f3n de la justicia.<\/p>\n","protected":false},"excerpt":{"rendered":"<p>&#8212; Bernardo Ortega sigui\u00f3 el conteo hasta el 46, cuando ya sus compa\u00f1eros gritaban \u201cjusticia\u201d por los estudiantes desaparecidos desde hace ocho a\u00f1os&#8212; Respeto, le exigen sus compa\u00f1eros de la&hellip; <\/p>\n","protected":false},"author":21,"featured_media":51001,"comment_status":"open","ping_status":"open","sticky":false,"template":"","format":"standard","meta":{"fifu_image_url":"","fifu_image_alt":"","footnotes":""},"categories":[2],"tags":[],"class_list":["post-51000","post","type-post","status-publish","format-standard","has-post-thumbnail","hentry","category-congreso"],"_links":{"self":[{"href":"https:\/\/www.interaccionnoticias.com.mx\/index.php?rest_route=\/wp\/v2\/posts\/51000","targetHints":{"allow":["GET"]}}],"collection":[{"href":"https:\/\/www.interaccionnoticias.com.mx\/index.php?rest_route=\/wp\/v2\/posts"}],"about":[{"href":"https:\/\/www.interaccionnoticias.com.mx\/index.php?rest_route=\/wp\/v2\/types\/post"}],"author":[{"embeddable":true,"href":"https:\/\/www.interaccionnoticias.com.mx\/index.php?rest_route=\/wp\/v2\/users\/21"}],"replies":[{"embeddable":true,"href":"https:\/\/www.interaccionnoticias.com.mx\/index.php?rest_route=%2Fwp%2Fv2%2Fcomments&post=51000"}],"version-history":[{"count":1,"href":"https:\/\/www.interaccionnoticias.com.mx\/index.php?rest_route=\/wp\/v2\/posts\/51000\/revisions"}],"predecessor-version":[{"id":51002,"href":"https:\/\/www.interaccionnoticias.com.mx\/index.php?rest_route=\/wp\/v2\/posts\/51000\/revisions\/51002"}],"wp:featuredmedia":[{"embeddable":true,"href":"https:\/\/www.interaccionnoticias.com.mx\/index.php?rest_route=\/wp\/v2\/media\/51001"}],"wp:attachment":[{"href":"https:\/\/www.interaccionnoticias.com.mx\/index.php?rest_route=%2Fwp%2Fv2%2Fmedia&parent=51000"}],"wp:term":[{"taxonomy":"category","embeddable":true,"href":"https:\/\/www.interaccionnoticias.com.mx\/index.php?rest_route=%2Fwp%2Fv2%2Fcategories&post=51000"},{"taxonomy":"post_tag","embeddable":true,"href":"https:\/\/www.interaccionnoticias.com.mx\/index.php?rest_route=%2Fwp%2Fv2%2Ftags&post=51000"}],"curies":[{"name":"wp","href":"https:\/\/api.w.org\/{rel}","templated":true}]}}