{"id":50997,"date":"2022-09-22T19:52:32","date_gmt":"2022-09-23T00:52:32","guid":{"rendered":"https:\/\/interaccionnoticias.com.mx\/?p=50997"},"modified":"2022-09-22T19:52:36","modified_gmt":"2022-09-23T00:52:36","slug":"migrantes-indigenas-piden-al-gobierno-del-estado-una-representacion-en-la-ciudad-de-nueva-york","status":"publish","type":"post","link":"https:\/\/www.interaccionnoticias.com.mx\/?p=50997","title":{"rendered":"Migrantes ind\u00edgenas piden al gobierno del estado una representaci\u00f3n en la ciudad de Nueva York"},"content":{"rendered":"\n<p><strong>Rosario Garc\u00eda Orozco<\/strong><\/p>\n\n\n\n<p><strong>Chilpancingo, Gro., 22 de septiembre del 2022.-<\/strong> Migrantes ind\u00edgenas que radican en Nueva York, pidieron al gobierno del estado de Guerrero que se instale en esa ciudad una representaci\u00f3n para contar con un espacio donde se puedan realizar gestiones, o que sea el enlace entre los guerrerenses que llegan a esa ciudad en busca de mejores condiciones de vida.<\/p>\n\n\n\n<p>As\u00ed lo manifest\u00f3 Sa\u00fal Rivera, dirigente de los migrantes ind\u00edgenas guerrerenses radicados en Nueva York, quien agreg\u00f3 que \u00abcomo migrantes todos pasamos muchas adversidades, pero el migrante ind\u00edgena es el m\u00e1s golpeado, sometido, manipulado y explotado, por eso hemos decidido organizarnos para ayudarnos\u00bb.<\/p>\n\n\n\n<p>Via telef\u00f3nica, el dirigente de migrantes ind\u00edgenas de Guerrero, originario de municipio de Metlatonoc, en la regi\u00f3n mixteca de La Monta\u00f1a lament\u00f3 que los presidentes municipales y hasta el gobierno del estado se olvide de los guerrerenses que se ven en la necesidad de salir de sus lugares de origen a buscar oportunidades laborales para enviar el sustento a sus familias.<\/p>\n\n\n\n<p>En esa ciudad, dijo, se conform\u00f3 el Consejo de los Pueblos Originarios, del que es consejero, que tambi\u00e9n busca mejoras laborales para los guerrerenses que laboran en diferentes f\u00e1bricas y empresas para tener mejores condiciones de vida para ellos y sus familias, y defender sus derechos.<\/p>\n\n\n\n<p>Agreg\u00f3 que los integrantes de la organizaci\u00f3n de migrantes ind\u00edgenas solicitaron al gobierno del estado de pueda contar con una representaci\u00f3n en Nueva York, donde, asegur\u00f3, hay una alta concentraci\u00f3n de ind\u00edgenas, que requieren del apoyo de su gobierno.<\/p>\n\n\n\n<p>\u00abDesde hace un a\u00f1o solicitamos esa representaci\u00f3n, pero al parecer no nos escuchan, tienen otros intereses o tienen otras prioridades\u00bb, se quej\u00f3 Sa\u00fal Rivera.<\/p>\n\n\n\n<p>Sostuvo que cuando entr\u00f3 el nuevo gobierno en Guerrero \u00able ten\u00edamos mucha fe y esperanza, pero en el camino vamos viendo que no hay mucha participaci\u00f3n y nos hacen sentir marginados\u00bb.<\/p>\n","protected":false},"excerpt":{"rendered":"<p>Rosario Garc\u00eda Orozco Chilpancingo, Gro., 22 de septiembre del 2022.- Migrantes ind\u00edgenas que radican en Nueva York, pidieron al gobierno del estado de Guerrero que se instale en esa ciudad&hellip; <\/p>\n","protected":false},"author":14,"featured_media":50998,"comment_status":"open","ping_status":"open","sticky":false,"template":"","format":"standard","meta":{"fifu_image_url":"","fifu_image_alt":"","footnotes":""},"categories":[11],"tags":[],"class_list":["post-50997","post","type-post","status-publish","format-standard","has-post-thumbnail","hentry","category-guerrero"],"_links":{"self":[{"href":"https:\/\/www.interaccionnoticias.com.mx\/index.php?rest_route=\/wp\/v2\/posts\/50997","targetHints":{"allow":["GET"]}}],"collection":[{"href":"https:\/\/www.interaccionnoticias.com.mx\/index.php?rest_route=\/wp\/v2\/posts"}],"about":[{"href":"https:\/\/www.interaccionnoticias.com.mx\/index.php?rest_route=\/wp\/v2\/types\/post"}],"author":[{"embeddable":true,"href":"https:\/\/www.interaccionnoticias.com.mx\/index.php?rest_route=\/wp\/v2\/users\/14"}],"replies":[{"embeddable":true,"href":"https:\/\/www.interaccionnoticias.com.mx\/index.php?rest_route=%2Fwp%2Fv2%2Fcomments&post=50997"}],"version-history":[{"count":1,"href":"https:\/\/www.interaccionnoticias.com.mx\/index.php?rest_route=\/wp\/v2\/posts\/50997\/revisions"}],"predecessor-version":[{"id":50999,"href":"https:\/\/www.interaccionnoticias.com.mx\/index.php?rest_route=\/wp\/v2\/posts\/50997\/revisions\/50999"}],"wp:featuredmedia":[{"embeddable":true,"href":"https:\/\/www.interaccionnoticias.com.mx\/index.php?rest_route=\/wp\/v2\/media\/50998"}],"wp:attachment":[{"href":"https:\/\/www.interaccionnoticias.com.mx\/index.php?rest_route=%2Fwp%2Fv2%2Fmedia&parent=50997"}],"wp:term":[{"taxonomy":"category","embeddable":true,"href":"https:\/\/www.interaccionnoticias.com.mx\/index.php?rest_route=%2Fwp%2Fv2%2Fcategories&post=50997"},{"taxonomy":"post_tag","embeddable":true,"href":"https:\/\/www.interaccionnoticias.com.mx\/index.php?rest_route=%2Fwp%2Fv2%2Ftags&post=50997"}],"curies":[{"name":"wp","href":"https:\/\/api.w.org\/{rel}","templated":true}]}}