{"id":50989,"date":"2022-09-22T19:27:39","date_gmt":"2022-09-23T00:27:39","guid":{"rendered":"https:\/\/interaccionnoticias.com.mx\/?p=50989"},"modified":"2022-09-22T19:27:44","modified_gmt":"2022-09-23T00:27:44","slug":"designa-el-congreso-de-guerrero-a-titulares-en-areas-estrategicas","status":"publish","type":"post","link":"https:\/\/www.interaccionnoticias.com.mx\/?p=50989","title":{"rendered":"Designa el Congreso de Guerrero a titulares en \u00e1reas estrat\u00e9gicas"},"content":{"rendered":"\n<p><strong><em>&#8212; Ante el Pleno, rinden protesta seis funcionarios, el nombramiento en paquete no alcanz\u00f3 la unanimidad<\/em><\/strong><\/p>\n\n\n\n<p><strong>Rogelio Agust\u00edn<\/strong><\/p>\n\n\n\n<p>Previo acuerdo de los integrantes de la Junta de Coordinaci\u00f3n Pol\u00edtica (Jucopo), el Pleno del Congreso local rindi\u00f3 la protesta de rigor a los titulares de seis \u00e1reas estrat\u00e9gicas, que durante m\u00e1s de un a\u00f1o funcionaron con encargados de despacho.<\/p>\n\n\n\n<p>La jornada del jueves 22 de septiembre, la diputada local por Morena, Beatriz Mojica Morga se encarg\u00f3 de dar lectura al acuerdo generado entre los integrantes de las fracciones parlamentarias y representaciones de partido que integran la Jucopo.<\/p>\n\n\n\n<p>De los m\u00e1s de 30 espacios que se encuentran trabajando con encargados de despacho, las fuerzas pol\u00edticas acordaron la designaci\u00f3n de un paquete de seis funcionarios, en las \u00e1reas de mayor importancia para el Poder Legislativo de la entidad.<\/p>\n\n\n\n<p>As\u00ed, las coordinaciones parlamentarias de Morena, PRD y PRI, as\u00ed como las representaciones de PT, PVEM y PAN presentaron una propuesta de funcionarios que ayer mismo rindieron protesta como titulares en las secretar\u00edas de Servicios Parlamentarios y Servicios Financieros, adem\u00e1s de la Direcci\u00f3n del Instituto de Estudios Parlamentarios Eduardo Neri; de la Direcci\u00f3n de Comunicaci\u00f3n Social, de la Unidad de Transparencia y de la Unidad de Equidad de G\u00e9nero.<\/p>\n\n\n\n<p>La propuesta se aprob\u00f3 con 35 votos a favor; 2 en contra y una abstenci\u00f3n, por lo que no se alcanz\u00f3 la unanimidad.<\/p>\n\n\n\n<p>En Servicios Parlamentarios se nombr\u00f3 a Jos\u00e9 Enrique Sol\u00eds R\u00edos; en la Secretar\u00eda de Servicios Financieros y Administrativos a Andr\u00e9s Rosendo Orosco Pintos.<\/p>\n\n\n\n<p>Como director del Instituto de Estudios Parlamentarios fue nombrado Eusebio P\u00e9rez Almonte; en la Direcci\u00f3n de Comunicaci\u00f3n Social al periodista Roberto Juvencio Ram\u00edrez Bravo; en la Unidad de Transparencia y Combate a la Corrupci\u00f3n Jorge Al\u00e1n P\u00e9rez Jaimez y como titular de la Unidad de Equidad de G\u00e9nero Mayra Morales Tacuba.<\/p>\n\n\n\n<p>La Jucopo en su propuesta de acuerdo estableci\u00f3 que todas las propuestas reunieron los requisitos considerados en la ley, aunque al momento de votar no se alcanz\u00f3 la unanimidad.<\/p>\n\n\n\n<p>En el inicio de la semana, el coordinador de la fracci\u00f3n parlamentaria del PRD, Raymundo Garc\u00eda Guti\u00e9rrez anticip\u00f3 que se tendr\u00eda el cuidado de que en la designaci\u00f3n de los funcionarios se respetara la representatividad que tiene cada fracci\u00f3n parlamentaria y representaci\u00f3n de partido.<\/p>\n\n\n\n<p>En su momento, la coordinadora de la bancada de Morena y presidenta de la Jucopo, Yoloczin Dom\u00ednguez Serna manifest\u00f3 que el Congreso est\u00e1 inmerso en un proceso de retomar el respeto a la legalidad, lo que no se puede alcanzar si las \u00e1reas estrat\u00e9gicas contin\u00faan funcionando con encargados de despacho.<\/p>\n","protected":false},"excerpt":{"rendered":"<p>&#8212; Ante el Pleno, rinden protesta seis funcionarios, el nombramiento en paquete no alcanz\u00f3 la unanimidad Rogelio Agust\u00edn Previo acuerdo de los integrantes de la Junta de Coordinaci\u00f3n Pol\u00edtica (Jucopo),&hellip; <\/p>\n","protected":false},"author":21,"featured_media":50990,"comment_status":"open","ping_status":"open","sticky":false,"template":"","format":"standard","meta":{"fifu_image_url":"","fifu_image_alt":"","footnotes":""},"categories":[2],"tags":[],"class_list":["post-50989","post","type-post","status-publish","format-standard","has-post-thumbnail","hentry","category-congreso"],"_links":{"self":[{"href":"https:\/\/www.interaccionnoticias.com.mx\/index.php?rest_route=\/wp\/v2\/posts\/50989","targetHints":{"allow":["GET"]}}],"collection":[{"href":"https:\/\/www.interaccionnoticias.com.mx\/index.php?rest_route=\/wp\/v2\/posts"}],"about":[{"href":"https:\/\/www.interaccionnoticias.com.mx\/index.php?rest_route=\/wp\/v2\/types\/post"}],"author":[{"embeddable":true,"href":"https:\/\/www.interaccionnoticias.com.mx\/index.php?rest_route=\/wp\/v2\/users\/21"}],"replies":[{"embeddable":true,"href":"https:\/\/www.interaccionnoticias.com.mx\/index.php?rest_route=%2Fwp%2Fv2%2Fcomments&post=50989"}],"version-history":[{"count":1,"href":"https:\/\/www.interaccionnoticias.com.mx\/index.php?rest_route=\/wp\/v2\/posts\/50989\/revisions"}],"predecessor-version":[{"id":50991,"href":"https:\/\/www.interaccionnoticias.com.mx\/index.php?rest_route=\/wp\/v2\/posts\/50989\/revisions\/50991"}],"wp:featuredmedia":[{"embeddable":true,"href":"https:\/\/www.interaccionnoticias.com.mx\/index.php?rest_route=\/wp\/v2\/media\/50990"}],"wp:attachment":[{"href":"https:\/\/www.interaccionnoticias.com.mx\/index.php?rest_route=%2Fwp%2Fv2%2Fmedia&parent=50989"}],"wp:term":[{"taxonomy":"category","embeddable":true,"href":"https:\/\/www.interaccionnoticias.com.mx\/index.php?rest_route=%2Fwp%2Fv2%2Fcategories&post=50989"},{"taxonomy":"post_tag","embeddable":true,"href":"https:\/\/www.interaccionnoticias.com.mx\/index.php?rest_route=%2Fwp%2Fv2%2Ftags&post=50989"}],"curies":[{"name":"wp","href":"https:\/\/api.w.org\/{rel}","templated":true}]}}