{"id":50978,"date":"2022-09-22T19:17:47","date_gmt":"2022-09-23T00:17:47","guid":{"rendered":"https:\/\/interaccionnoticias.com.mx\/?p=50978"},"modified":"2022-09-22T19:17:51","modified_gmt":"2022-09-23T00:17:51","slug":"celebra-icategro-10-anos-de-capacitacion-en-guerrero","status":"publish","type":"post","link":"https:\/\/www.interaccionnoticias.com.mx\/?p=50978","title":{"rendered":"Celebra Icategro 10 a\u00f1os de capacitaci\u00f3n en Guerrero"},"content":{"rendered":"\n<p><strong>Rosario Garc\u00eda Orozco<\/strong><\/p>\n\n\n\n<p><strong>Chilpancingo, Gro., 22 de septiembre del 2022.-<\/strong> En el marco de la celebraci\u00f3n de los 10 a\u00f1os de la creaci\u00f3n del Instituto de Capacitaci\u00f3n para el Trabajo del Estado de Guerrero (Icategro), la gobernadora Evelyn Salgado Pineda se comprometi\u00f3 a seguir apoyando esa instancia que permite cambiar la vida de guerrerenses y sus familias, al formarlos para conseguir empleo o autoemplearse.<\/p>\n\n\n\n<p>\u00abEl Icategro no s\u00f3lo cambia el destino de una persona que recibe capacitacion, sino que en ocasiones a familias completas\u00bb, dijo la mandataria estatal, quien reconoci\u00f3 que a partir de la pandemia por Covid 19 hasta este tipo de actividades se actualizaron.<\/p>\n\n\n\n<p>Sostuvo que ahora son varios los cursos que se dan en l\u00ednea, como alternativas para avanzar, \u00abmuchos encontraron en las capacitaciones en l\u00ednea la forma de subsistir ante esta pandemia, no es una coincidencia que las verdaderas transformaciones se logren garantizando el empleo y las condiciones de desarrollo a partir de esas oportunidades failiares\u00bb.<\/p>\n\n\n\n<p>Estableci\u00f3 el compromiso de e dar continuidad a los proyecto de esa instituci\u00f3n: \u00abvamos a seguir con esa misma ruta de desarrollo y trabajo conjunto con el Icategro en todos los municipios\u00bb, dijo la mandataria estatal, \u00abSomos equipo y todos los d\u00edas estamos luchando para que nuestro estado sea el mejor\u00bb, enfatiz\u00f3.<\/p>\n\n\n\n<p>Evelyn Salgado asegur\u00f3 que siempre ser\u00e1 una aliada de la educaci\u00f3n y de las instituciones que permiten el desarrollo, porque la educaci\u00f3n impacta en beneficio de las personas\u00bb.<\/p>\n\n\n\n<p>En el marco del d\u00e9cimo aniversario de la creaci\u00f3n del Icategro, se hizo entrega de constancias a estudiantes egresados de cursos de estilismo, decoraci\u00f3n de madera con t\u00e9cnica de Olinal\u00e1, telar de cintura, maquillaje profesional y masajes, entre otros.<\/p>\n\n\n\n<p>Norma Otilia Hern\u00e1ndez Mart\u00ednez, presidenta municipal de Chilpancingo, mencion\u00f3 que las acciones de ese tipo forman parte de la estrategia que permite la reconstrucci\u00f3n del tejido social, \u00aby llevar a cabo este tipo de pol\u00edticas p\u00fablicas permiten avanzar en el desarrollo de los pueblos y comunidades\u00bb.<\/p>\n\n\n\n<p>En su intervenci\u00f3n Alejandro Colin Ram\u00edrez , coordinador federal de los Centros de Formaci\u00f3n para el Trabajo, agradeci\u00f3 el apoyo que ha tenido esa instancia en Guerrero por parte del gobierno del estado, \u00abno s\u00f3lo se conmemoran 10 a\u00f1os de capacitaci\u00f3n sino tambi\u00e9n la formaci\u00f3n de guerrerenses que contribuyen al desarrollo y bienestar de las comunidades a trav\u00e9s de los lazos que puedan vincular a los egresados con el sector productivo\u00bb.<\/p>\n\n\n\n<p>Pidi\u00f3 que quienes se forman en estos centros de capacitaci\u00f3n lo den a conocer entre sus amistades y familias, \u00abestoy convencido de que la formaci\u00f3n para el trabajo est\u00e1 destinado a ser lo que permitir\u00e1 mayor desarrollo\u00bb.<\/p>\n\n\n\n<p>Reconoci\u00f3 en la gobernadora Evelyn Salgado Pineda su vocaci\u00f3n para servir a los guerrerenses, \u00abha demostrado un gran compromiso con quienes m\u00e1s lo necesitan\u00bb.<\/p>\n\n\n\n<p>Omar Estrada Bustos, director de Icategro inform\u00f3 que de enero a la fecha se han capacitado alrededor de 26 mil guerrerenses en los centros diseminados en todo el estado, y son mujeres el 85 por ciento de toda la matricula. \u00abEse tipo de capacitaci\u00f3n tambi\u00e9n coadyuva a bajar los \u00edndices delincuenciales, porque en la medida en que la gente se capacite tiene m\u00e1s oportunidades de obtener un empleo que les permita sostener a sus familias con un trabajo honesto\u00bb.<\/p>\n","protected":false},"excerpt":{"rendered":"<p>Rosario Garc\u00eda Orozco Chilpancingo, Gro., 22 de septiembre del 2022.- En el marco de la celebraci\u00f3n de los 10 a\u00f1os de la creaci\u00f3n del Instituto de Capacitaci\u00f3n para el Trabajo&hellip; <\/p>\n","protected":false},"author":14,"featured_media":50979,"comment_status":"open","ping_status":"open","sticky":false,"template":"","format":"standard","meta":{"fifu_image_url":"","fifu_image_alt":"","footnotes":""},"categories":[11],"tags":[],"class_list":["post-50978","post","type-post","status-publish","format-standard","has-post-thumbnail","hentry","category-guerrero"],"_links":{"self":[{"href":"https:\/\/www.interaccionnoticias.com.mx\/index.php?rest_route=\/wp\/v2\/posts\/50978","targetHints":{"allow":["GET"]}}],"collection":[{"href":"https:\/\/www.interaccionnoticias.com.mx\/index.php?rest_route=\/wp\/v2\/posts"}],"about":[{"href":"https:\/\/www.interaccionnoticias.com.mx\/index.php?rest_route=\/wp\/v2\/types\/post"}],"author":[{"embeddable":true,"href":"https:\/\/www.interaccionnoticias.com.mx\/index.php?rest_route=\/wp\/v2\/users\/14"}],"replies":[{"embeddable":true,"href":"https:\/\/www.interaccionnoticias.com.mx\/index.php?rest_route=%2Fwp%2Fv2%2Fcomments&post=50978"}],"version-history":[{"count":1,"href":"https:\/\/www.interaccionnoticias.com.mx\/index.php?rest_route=\/wp\/v2\/posts\/50978\/revisions"}],"predecessor-version":[{"id":50980,"href":"https:\/\/www.interaccionnoticias.com.mx\/index.php?rest_route=\/wp\/v2\/posts\/50978\/revisions\/50980"}],"wp:featuredmedia":[{"embeddable":true,"href":"https:\/\/www.interaccionnoticias.com.mx\/index.php?rest_route=\/wp\/v2\/media\/50979"}],"wp:attachment":[{"href":"https:\/\/www.interaccionnoticias.com.mx\/index.php?rest_route=%2Fwp%2Fv2%2Fmedia&parent=50978"}],"wp:term":[{"taxonomy":"category","embeddable":true,"href":"https:\/\/www.interaccionnoticias.com.mx\/index.php?rest_route=%2Fwp%2Fv2%2Fcategories&post=50978"},{"taxonomy":"post_tag","embeddable":true,"href":"https:\/\/www.interaccionnoticias.com.mx\/index.php?rest_route=%2Fwp%2Fv2%2Ftags&post=50978"}],"curies":[{"name":"wp","href":"https:\/\/api.w.org\/{rel}","templated":true}]}}