{"id":50974,"date":"2022-09-22T19:12:45","date_gmt":"2022-09-23T00:12:45","guid":{"rendered":"https:\/\/interaccionnoticias.com.mx\/?p=50974"},"modified":"2022-09-22T19:12:49","modified_gmt":"2022-09-23T00:12:49","slug":"en-acapulco-prioridad-bajar-criminalidad","status":"publish","type":"post","link":"https:\/\/www.interaccionnoticias.com.mx\/?p=50974","title":{"rendered":"En Acapulco, prioridad bajar criminalidad"},"content":{"rendered":"\n<p><strong><em>&#8212; Llegaron 400 efectivos de fuerzas especiales<br>&#8212; Se busca reforzar la seguridad para bienestar de paseantes<\/em><\/strong><\/p>\n\n\n\n<p><strong>Javier Trujillo<\/strong><\/p>\n\n\n\n<p><strong>Acapulco, Gro. \u2013 <\/strong>Un total de 400 efectivos del Ej\u00e9rcito Mexicano y Guardia Nacional arribaron al destino tur\u00edstico de Acapulco, para reforzar la seguridad, como una prioridad del gobierno federal.<\/p>\n\n\n\n<p>\u201cTraemos en refuerzo, del personal que est\u00e1 desplegado en Acapulco, 200 elementos de las fuerzas especiales, y 200 de paracaidistas.<\/p>\n\n\n\n<p>\u201cEstar\u00edamos llegando a una cantidad aproximada de mil 250 a mil 300 efectivos militares, que llegaron procedentes de la Ciudad de M\u00e9xico, donde estaban desplegados\u201d, asegur\u00f3 el general brigadier, Rolando Solano Rivera, y comandante de la 27 Zona Militar en Pie de la Cuesta en Acapulco.<\/p>\n\n\n\n<p>En entrevista, explic\u00f3 brevemente que las fuerzas castrenses, vienen a reforzar la seguridad de los porte\u00f1os y vacacionistas que llegan al puerto de Acapulco, hasta donde tiene la orden de traer paz y seguridad, por lo que este jueves llegaron a reforzar con m\u00e1s militares.<\/p>\n\n\n\n<p>Solano Rivera, mando de la 27 Zona Militar, precis\u00f3 que los efectivos que arribaron al puerto vienen a cumplir una misi\u00f3n aqu\u00ed en el estado de Guerrero, para principalmente bajar los \u00edndices de seguridad, remarc\u00f3.<\/p>\n\n\n\n<p>Asegur\u00f3 que la presencia de soldados del Ej\u00e9rcito Mexicano y las fuerzas armadas, est\u00e1n en la entidad por una orden del presidente de la Rep\u00fablica, Andr\u00e9s Manuel L\u00f3pez Obrador.<\/p>\n\n\n\n<p>Se\u00f1al\u00f3 que se est\u00e1 llevando a todo el pa\u00eds, el despliegue de las fuerzas castrenses, pero lo har\u00e1n con mayor preponderancia en Acapulco.<\/p>\n\n\n\n<p>El mando militar, explic\u00f3 que los efectivos militares que llegaron \u201ces gente adiestrada, para llevar actividades especiales, como en Acapulco que es un \u00e1rea urbana, entonces van a coadyuvar en la seguridad, y van a hacer operaciones de tal manera que puedan bajar los \u00edndices de inseguridad\u201d.<\/p>\n\n\n\n<figure class=\"wp-block-gallery columns-2 is-cropped wp-block-gallery-1 is-layout-flex wp-block-gallery-is-layout-flex\"><ul class=\"blocks-gallery-grid\"><li class=\"blocks-gallery-item\"><figure><img decoding=\"async\" src=\"data:image\/gif;base64,R0lGODlhAQABAIAAAAAAAP\/\/\/ywAAAAAAQABAAACAUwAOw==\" fifu-lazy=\"1\" fifu-data-sizes=\"auto\" fifu-data-srcset=\"https:\/\/i3.wp.com\/interaccionnoticias.com.mx\/wp-content\/uploads\/2022\/09\/220922-MILITARES-A-ACAPULCO-1-1024x683.jpg?ssl=1&w=75&resize=75&ssl=1 75w, https:\/\/i3.wp.com\/interaccionnoticias.com.mx\/wp-content\/uploads\/2022\/09\/220922-MILITARES-A-ACAPULCO-1-1024x683.jpg?ssl=1&w=100&resize=100&ssl=1 100w, https:\/\/i3.wp.com\/interaccionnoticias.com.mx\/wp-content\/uploads\/2022\/09\/220922-MILITARES-A-ACAPULCO-1-1024x683.jpg?ssl=1&w=150&resize=150&ssl=1 150w, https:\/\/i3.wp.com\/interaccionnoticias.com.mx\/wp-content\/uploads\/2022\/09\/220922-MILITARES-A-ACAPULCO-1-1024x683.jpg?ssl=1&w=240&resize=240&ssl=1 240w, https:\/\/i3.wp.com\/interaccionnoticias.com.mx\/wp-content\/uploads\/2022\/09\/220922-MILITARES-A-ACAPULCO-1-1024x683.jpg?ssl=1&w=320&resize=320&ssl=1 320w, https:\/\/i3.wp.com\/interaccionnoticias.com.mx\/wp-content\/uploads\/2022\/09\/220922-MILITARES-A-ACAPULCO-1-1024x683.jpg?ssl=1&w=500&resize=500&ssl=1 500w, https:\/\/i3.wp.com\/interaccionnoticias.com.mx\/wp-content\/uploads\/2022\/09\/220922-MILITARES-A-ACAPULCO-1-1024x683.jpg?ssl=1&w=640&resize=640&ssl=1 640w, https:\/\/i3.wp.com\/interaccionnoticias.com.mx\/wp-content\/uploads\/2022\/09\/220922-MILITARES-A-ACAPULCO-1-1024x683.jpg?ssl=1&w=800&resize=800&ssl=1 800w, https:\/\/i3.wp.com\/interaccionnoticias.com.mx\/wp-content\/uploads\/2022\/09\/220922-MILITARES-A-ACAPULCO-1-1024x683.jpg?ssl=1&w=1024&resize=1024&ssl=1 1024w, https:\/\/i3.wp.com\/interaccionnoticias.com.mx\/wp-content\/uploads\/2022\/09\/220922-MILITARES-A-ACAPULCO-1-1024x683.jpg?ssl=1&w=1280&resize=1280&ssl=1 1280w, https:\/\/i3.wp.com\/interaccionnoticias.com.mx\/wp-content\/uploads\/2022\/09\/220922-MILITARES-A-ACAPULCO-1-1024x683.jpg?ssl=1&w=1600&resize=1600&ssl=1 1600w\" fifu-data-src=\"https:\/\/i3.wp.com\/interaccionnoticias.com.mx\/wp-content\/uploads\/2022\/09\/220922-MILITARES-A-ACAPULCO-1-1024x683.jpg?ssl=1\" alt=\"\" data-id=\"50975\" data-full-url=\"https:\/\/interaccionnoticias.com.mx\/wp-content\/uploads\/2022\/09\/220922-MILITARES-A-ACAPULCO-1.jpg\" data-link=\"https:\/\/interaccionnoticias.com.mx\/?attachment_id=50975\" class=\"wp-image-50975\"\/><\/figure><\/li><li class=\"blocks-gallery-item\"><figure><img decoding=\"async\" src=\"data:image\/gif;base64,R0lGODlhAQABAIAAAAAAAP\/\/\/ywAAAAAAQABAAACAUwAOw==\" fifu-lazy=\"1\" fifu-data-sizes=\"auto\" fifu-data-srcset=\"https:\/\/i0.wp.com\/interaccionnoticias.com.mx\/wp-content\/uploads\/2022\/09\/220922-MILITARES-A-ACAPULCO-2-1024x683.jpg?ssl=1&w=75&resize=75&ssl=1 75w, https:\/\/i0.wp.com\/interaccionnoticias.com.mx\/wp-content\/uploads\/2022\/09\/220922-MILITARES-A-ACAPULCO-2-1024x683.jpg?ssl=1&w=100&resize=100&ssl=1 100w, https:\/\/i0.wp.com\/interaccionnoticias.com.mx\/wp-content\/uploads\/2022\/09\/220922-MILITARES-A-ACAPULCO-2-1024x683.jpg?ssl=1&w=150&resize=150&ssl=1 150w, https:\/\/i0.wp.com\/interaccionnoticias.com.mx\/wp-content\/uploads\/2022\/09\/220922-MILITARES-A-ACAPULCO-2-1024x683.jpg?ssl=1&w=240&resize=240&ssl=1 240w, https:\/\/i0.wp.com\/interaccionnoticias.com.mx\/wp-content\/uploads\/2022\/09\/220922-MILITARES-A-ACAPULCO-2-1024x683.jpg?ssl=1&w=320&resize=320&ssl=1 320w, https:\/\/i0.wp.com\/interaccionnoticias.com.mx\/wp-content\/uploads\/2022\/09\/220922-MILITARES-A-ACAPULCO-2-1024x683.jpg?ssl=1&w=500&resize=500&ssl=1 500w, https:\/\/i0.wp.com\/interaccionnoticias.com.mx\/wp-content\/uploads\/2022\/09\/220922-MILITARES-A-ACAPULCO-2-1024x683.jpg?ssl=1&w=640&resize=640&ssl=1 640w, https:\/\/i0.wp.com\/interaccionnoticias.com.mx\/wp-content\/uploads\/2022\/09\/220922-MILITARES-A-ACAPULCO-2-1024x683.jpg?ssl=1&w=800&resize=800&ssl=1 800w, https:\/\/i0.wp.com\/interaccionnoticias.com.mx\/wp-content\/uploads\/2022\/09\/220922-MILITARES-A-ACAPULCO-2-1024x683.jpg?ssl=1&w=1024&resize=1024&ssl=1 1024w, https:\/\/i0.wp.com\/interaccionnoticias.com.mx\/wp-content\/uploads\/2022\/09\/220922-MILITARES-A-ACAPULCO-2-1024x683.jpg?ssl=1&w=1280&resize=1280&ssl=1 1280w, https:\/\/i0.wp.com\/interaccionnoticias.com.mx\/wp-content\/uploads\/2022\/09\/220922-MILITARES-A-ACAPULCO-2-1024x683.jpg?ssl=1&w=1600&resize=1600&ssl=1 1600w\" fifu-data-src=\"https:\/\/i0.wp.com\/interaccionnoticias.com.mx\/wp-content\/uploads\/2022\/09\/220922-MILITARES-A-ACAPULCO-2-1024x683.jpg?ssl=1\" alt=\"\" data-id=\"50976\" data-full-url=\"https:\/\/interaccionnoticias.com.mx\/wp-content\/uploads\/2022\/09\/220922-MILITARES-A-ACAPULCO-2.jpg\" data-link=\"https:\/\/interaccionnoticias.com.mx\/?attachment_id=50976\" class=\"wp-image-50976\"\/><\/figure><\/li><\/ul><\/figure>\n","protected":false},"excerpt":{"rendered":"<p>&#8212; Llegaron 400 efectivos de fuerzas especiales&#8212; Se busca reforzar la seguridad para bienestar de paseantes Javier Trujillo Acapulco, Gro. \u2013 Un total de 400 efectivos del Ej\u00e9rcito Mexicano y&hellip; <\/p>\n","protected":false},"author":3,"featured_media":50975,"comment_status":"open","ping_status":"open","sticky":false,"template":"","format":"standard","meta":{"fifu_image_url":"","fifu_image_alt":"","footnotes":""},"categories":[27],"tags":[],"class_list":["post-50974","post","type-post","status-publish","format-standard","has-post-thumbnail","hentry","category-seguridad-publica"],"_links":{"self":[{"href":"https:\/\/www.interaccionnoticias.com.mx\/index.php?rest_route=\/wp\/v2\/posts\/50974","targetHints":{"allow":["GET"]}}],"collection":[{"href":"https:\/\/www.interaccionnoticias.com.mx\/index.php?rest_route=\/wp\/v2\/posts"}],"about":[{"href":"https:\/\/www.interaccionnoticias.com.mx\/index.php?rest_route=\/wp\/v2\/types\/post"}],"author":[{"embeddable":true,"href":"https:\/\/www.interaccionnoticias.com.mx\/index.php?rest_route=\/wp\/v2\/users\/3"}],"replies":[{"embeddable":true,"href":"https:\/\/www.interaccionnoticias.com.mx\/index.php?rest_route=%2Fwp%2Fv2%2Fcomments&post=50974"}],"version-history":[{"count":1,"href":"https:\/\/www.interaccionnoticias.com.mx\/index.php?rest_route=\/wp\/v2\/posts\/50974\/revisions"}],"predecessor-version":[{"id":50977,"href":"https:\/\/www.interaccionnoticias.com.mx\/index.php?rest_route=\/wp\/v2\/posts\/50974\/revisions\/50977"}],"wp:featuredmedia":[{"embeddable":true,"href":"https:\/\/www.interaccionnoticias.com.mx\/index.php?rest_route=\/wp\/v2\/media\/50975"}],"wp:attachment":[{"href":"https:\/\/www.interaccionnoticias.com.mx\/index.php?rest_route=%2Fwp%2Fv2%2Fmedia&parent=50974"}],"wp:term":[{"taxonomy":"category","embeddable":true,"href":"https:\/\/www.interaccionnoticias.com.mx\/index.php?rest_route=%2Fwp%2Fv2%2Fcategories&post=50974"},{"taxonomy":"post_tag","embeddable":true,"href":"https:\/\/www.interaccionnoticias.com.mx\/index.php?rest_route=%2Fwp%2Fv2%2Ftags&post=50974"}],"curies":[{"name":"wp","href":"https:\/\/api.w.org\/{rel}","templated":true}]}}