{"id":50971,"date":"2022-09-22T19:08:41","date_gmt":"2022-09-23T00:08:41","guid":{"rendered":"https:\/\/interaccionnoticias.com.mx\/?p=50971"},"modified":"2022-09-22T19:08:42","modified_gmt":"2022-09-23T00:08:42","slug":"seg-no-tiene-reporte-de-danos-en-escuelas-por-los-sismos-de-7-7-y-6-9-con-epicentro-en-michoacan","status":"publish","type":"post","link":"https:\/\/www.interaccionnoticias.com.mx\/?p=50971","title":{"rendered":"SEG no tiene reporte de da\u00f1os en escuelas por los sismos de 7.7 y 6.9, con epicentro en Michoac\u00e1n"},"content":{"rendered":"\n<p><strong><em>&#8212; Tambi\u00e9n hay expectativa por las lluvias, que provocan el crecimiento de r\u00edos y el reblandecimiento de cerros<\/em><\/strong><\/p>\n\n\n\n<p><strong>Rogelio Agust\u00edn<\/strong><\/p>\n\n\n\n<p>El titular de la Secretar\u00eda de Educaci\u00f3n Guerrero (SEG), Marcial Rodr\u00edguez Salda\u00f1a inform\u00f3 que hasta el momento no se tienen reportes de escuelas da\u00f1adas por los sismos del 19 y 22 de septiembre, aunque los monitoreos permanecen activos para despejar cualquier situaci\u00f3n de riesgo.<\/p>\n\n\n\n<p>En el centro de Chilpancingo, el titular del sector educativo en la entidad, coment\u00f3 que luego del sismo de 7.7 grados, registrado la tarde del lunes 19 de septiembre, hubo un primer trabajo de monitoreo en las escuelas de las siete regiones, para establecer si alg\u00fan plantel representaba peligro para los estudiantes y la planta docente.<\/p>\n\n\n\n<p>El resultado fue en sentido negativo, por eso es que se decidi\u00f3 retomar la actividad educativa desde la ma\u00f1ana del martes 20, una vez que los turnos vespertinos suspendieron clases el lunes 19.<\/p>\n\n\n\n<p>Este jueves, se\u00f1al\u00f3 que durante la madrugada se tuvo comunicaci\u00f3n con Protecci\u00f3n Civil para establecer el criterio respecto a la posible suspensi\u00f3n de clases, a lo que se tuvo una conclusi\u00f3n negativa, pues el movimiento de tierra en algunos puntos de la entidad apenas fue perceptible.<\/p>\n\n\n\n<p>No obstante, dijo que la SEG se encuentra realizando un trabajo de monitoreo a trav\u00e9s de sus estructura, que se integra por supervisores, directores de escuela y la propia planta docente.<\/p>\n\n\n\n<p>Hasta el momento, en ninguna de las escuelas de nivel b\u00e1sico que existen en la entidad se reporta alg\u00fan da\u00f1o que represente riesgo para los estudiantes, por eso es que las escuelas se mantuvieron funcionando durante la ma\u00f1ana del jueves y no se prev\u00e9 alguna causa para supender en viernes.<\/p>\n\n\n\n<p>De cualquier manera, dijo que se est\u00e1 pendiente, pues adem\u00e1s de los sismos de los \u00faltimos d\u00edas, existe expectativa por el tema de las lluvias, que en algunas comunidades de la Monta\u00f1a y Sierra generan el crecimiento de r\u00edos y el reblandecimiento de los cerros.<\/p>\n\n\n\n<p>En caso de que se genere una situaci\u00f3n que amerite la suspensi\u00f3n, indic\u00f3 que se informar\u00e1 de manera puntual a trav\u00e9s de los canales y plataformas con que dispone el Gobierno de Guerrero.<\/p>\n","protected":false},"excerpt":{"rendered":"<p>&#8212; Tambi\u00e9n hay expectativa por las lluvias, que provocan el crecimiento de r\u00edos y el reblandecimiento de cerros Rogelio Agust\u00edn El titular de la Secretar\u00eda de Educaci\u00f3n Guerrero (SEG), Marcial&hellip; <\/p>\n","protected":false},"author":21,"featured_media":50972,"comment_status":"open","ping_status":"open","sticky":false,"template":"","format":"standard","meta":{"fifu_image_url":"","fifu_image_alt":"","footnotes":""},"categories":[6],"tags":[],"class_list":["post-50971","post","type-post","status-publish","format-standard","has-post-thumbnail","hentry","category-educacion"],"_links":{"self":[{"href":"https:\/\/www.interaccionnoticias.com.mx\/index.php?rest_route=\/wp\/v2\/posts\/50971","targetHints":{"allow":["GET"]}}],"collection":[{"href":"https:\/\/www.interaccionnoticias.com.mx\/index.php?rest_route=\/wp\/v2\/posts"}],"about":[{"href":"https:\/\/www.interaccionnoticias.com.mx\/index.php?rest_route=\/wp\/v2\/types\/post"}],"author":[{"embeddable":true,"href":"https:\/\/www.interaccionnoticias.com.mx\/index.php?rest_route=\/wp\/v2\/users\/21"}],"replies":[{"embeddable":true,"href":"https:\/\/www.interaccionnoticias.com.mx\/index.php?rest_route=%2Fwp%2Fv2%2Fcomments&post=50971"}],"version-history":[{"count":1,"href":"https:\/\/www.interaccionnoticias.com.mx\/index.php?rest_route=\/wp\/v2\/posts\/50971\/revisions"}],"predecessor-version":[{"id":50973,"href":"https:\/\/www.interaccionnoticias.com.mx\/index.php?rest_route=\/wp\/v2\/posts\/50971\/revisions\/50973"}],"wp:featuredmedia":[{"embeddable":true,"href":"https:\/\/www.interaccionnoticias.com.mx\/index.php?rest_route=\/wp\/v2\/media\/50972"}],"wp:attachment":[{"href":"https:\/\/www.interaccionnoticias.com.mx\/index.php?rest_route=%2Fwp%2Fv2%2Fmedia&parent=50971"}],"wp:term":[{"taxonomy":"category","embeddable":true,"href":"https:\/\/www.interaccionnoticias.com.mx\/index.php?rest_route=%2Fwp%2Fv2%2Fcategories&post=50971"},{"taxonomy":"post_tag","embeddable":true,"href":"https:\/\/www.interaccionnoticias.com.mx\/index.php?rest_route=%2Fwp%2Fv2%2Ftags&post=50971"}],"curies":[{"name":"wp","href":"https:\/\/api.w.org\/{rel}","templated":true}]}}