{"id":50968,"date":"2022-09-22T16:31:53","date_gmt":"2022-09-22T21:31:53","guid":{"rendered":"https:\/\/interaccionnoticias.com.mx\/?p=50968"},"modified":"2022-09-22T16:31:58","modified_gmt":"2022-09-22T21:31:58","slug":"guerrero-tierra-fertil-para-los-suenos-y-aspiraciones-de-las-y-los-jovenes-evelyn-salgado","status":"publish","type":"post","link":"https:\/\/www.interaccionnoticias.com.mx\/?p=50968","title":{"rendered":"\u00abGuerrero tierra f\u00e9rtil para los sue\u00f1os y aspiraciones de las y los j\u00f3venes\u00bb: Evelyn Salgado"},"content":{"rendered":"\n<p><strong><em>&#8212; La gobernadora entreg\u00f3 galardones a 11 categor\u00edas del Premio Estatal al M\u00e9rito Juvenil 2022<\/em><\/strong><\/p>\n\n\n\n<p><strong>Chilpancingo, Gro. 22 de septiembre del 2022. &#8211;<\/strong> Por su contribuci\u00f3n al desarrollo de Guerrero desde cada una de sus \u00e1reas de oportunidad, 11 mujeres y hombres j\u00f3venes fueron galardonados con el Premio Estatal al M\u00e9rito Juvenil 2022 por la gobernadora Evelyn Salgado Pineda, quien les reconoci\u00f3 su talento y labor en el desarrollo humano, crecimiento profesional y buenas pr\u00e1cticas en el \u00e1mbito social y comunitario en favor de Guerrero.<\/p>\n\n\n\n<p>En su mensaje, la gobernadora reiter\u00f3 que es amiga y aliada de la juventud guerrerense como parte esencial de la transformaci\u00f3n en Guerrero, trabajando todos los d\u00edas para garantizar sus derechos, su desarrollo y su libertad, respetando su diversidad y pluralismo, siendo Guerrero una tierra f\u00e9rtil para sus sue\u00f1os y aspiraciones.<\/p>\n\n\n\n<p>A trav\u00e9s de la Secretar\u00eda de la Juventud y Ni\u00f1ez, en la categor\u00eda de Discapacidad e Integraci\u00f3n fue galardonado Ulises Daniel D\u00edaz Adame, as\u00ed como Dillan Michel P\u00e9rez Ramos por el M\u00e9rito Ciencia y Tecnolog\u00eda; Ricardo Alexis Locia Hern\u00e1ndez, en la categor\u00eda de Derechos Humanos, mientras que el M\u00e9rito al Logro Acad\u00e9mico fue condecorada Arlette Pamela Silva Hern\u00e1ndez.<\/p>\n\n\n\n<p>En la categor\u00eda de Compromiso Social, recibi\u00f3 el reconocimiento Sergio Daniel Ag\u00fcero Ram\u00edrez; Protecci\u00f3n al Ambiente y Desarrollo Sostenible, Lizeth Alejandra Helguera Peralta y el M\u00e9rito Deportivo, fue entregado a Miguel \u00c1ngel Garc\u00eda Ramos; Expresiones Art\u00edstica, Ambar Stephanie Santos R\u00edos; Fortalecimiento a la Cultura Ind\u00edgenas, Cristo Reyno Nepomuceno; Aportaci\u00f3n a la Cultura Pol\u00edtica y a la Democracia, Jana Laura Voorting Salazar e Ingenio Emprendedor, Mar\u00eda de los \u00c1ngeles Arcos Gonz\u00e1lez.<\/p>\n\n\n\n<p>Las y los j\u00f3venes galardonados del Premio Estatal al M\u00e9rito Juvenil 2022, con entusiasmo recibieron este reconocimiento, quienes reconocieron a trav\u00e9s de Arlet Pamela Silva Hern\u00e1ndez a la gobernadora Evelyn Salgado Pineda, por tomar en cuenta en las labores de transformaci\u00f3n en Guerrero.<\/p>\n\n\n\n<p>Asistieron la diputada presidenta de la Mesa Directiva del Congreso del Estado, Yanelly Hern\u00e1ndez Mart\u00ednez; el senador F\u00e9lix Salgado Macedonio; el director del Instituto Nacional de la Juventud, Guillermo Santiago; la secretaria de la Juventud y la Ni\u00f1ez Guerrerense, Jesica Maldonado Morales; la alcaldesa de Chilpancingo, Norma Otilia Hern\u00e1ndez Mart\u00ednez; el secretario de Finanzas y Administraci\u00f3n, Raymundo Estrada Segura.<\/p>\n","protected":false},"excerpt":{"rendered":"<p>&#8212; La gobernadora entreg\u00f3 galardones a 11 categor\u00edas del Premio Estatal al M\u00e9rito Juvenil 2022 Chilpancingo, Gro. 22 de septiembre del 2022. &#8211; Por su contribuci\u00f3n al desarrollo de Guerrero&hellip; <\/p>\n","protected":false},"author":19,"featured_media":50969,"comment_status":"open","ping_status":"open","sticky":false,"template":"","format":"standard","meta":{"fifu_image_url":"","fifu_image_alt":"","footnotes":""},"categories":[11],"tags":[],"class_list":["post-50968","post","type-post","status-publish","format-standard","has-post-thumbnail","hentry","category-guerrero"],"_links":{"self":[{"href":"https:\/\/www.interaccionnoticias.com.mx\/index.php?rest_route=\/wp\/v2\/posts\/50968","targetHints":{"allow":["GET"]}}],"collection":[{"href":"https:\/\/www.interaccionnoticias.com.mx\/index.php?rest_route=\/wp\/v2\/posts"}],"about":[{"href":"https:\/\/www.interaccionnoticias.com.mx\/index.php?rest_route=\/wp\/v2\/types\/post"}],"author":[{"embeddable":true,"href":"https:\/\/www.interaccionnoticias.com.mx\/index.php?rest_route=\/wp\/v2\/users\/19"}],"replies":[{"embeddable":true,"href":"https:\/\/www.interaccionnoticias.com.mx\/index.php?rest_route=%2Fwp%2Fv2%2Fcomments&post=50968"}],"version-history":[{"count":1,"href":"https:\/\/www.interaccionnoticias.com.mx\/index.php?rest_route=\/wp\/v2\/posts\/50968\/revisions"}],"predecessor-version":[{"id":50970,"href":"https:\/\/www.interaccionnoticias.com.mx\/index.php?rest_route=\/wp\/v2\/posts\/50968\/revisions\/50970"}],"wp:featuredmedia":[{"embeddable":true,"href":"https:\/\/www.interaccionnoticias.com.mx\/index.php?rest_route=\/wp\/v2\/media\/50969"}],"wp:attachment":[{"href":"https:\/\/www.interaccionnoticias.com.mx\/index.php?rest_route=%2Fwp%2Fv2%2Fmedia&parent=50968"}],"wp:term":[{"taxonomy":"category","embeddable":true,"href":"https:\/\/www.interaccionnoticias.com.mx\/index.php?rest_route=%2Fwp%2Fv2%2Fcategories&post=50968"},{"taxonomy":"post_tag","embeddable":true,"href":"https:\/\/www.interaccionnoticias.com.mx\/index.php?rest_route=%2Fwp%2Fv2%2Ftags&post=50968"}],"curies":[{"name":"wp","href":"https:\/\/api.w.org\/{rel}","templated":true}]}}