{"id":50965,"date":"2022-09-22T15:15:38","date_gmt":"2022-09-22T20:15:38","guid":{"rendered":"https:\/\/interaccionnoticias.com.mx\/?p=50965"},"modified":"2022-09-22T15:15:42","modified_gmt":"2022-09-22T20:15:42","slug":"refrenda-mesa-de-coordinacion-para-la-construccion-de-la-paz-su-compromiso-de-mantener-el-orden-social-en-guerrero","status":"publish","type":"post","link":"https:\/\/www.interaccionnoticias.com.mx\/?p=50965","title":{"rendered":"Refrenda Mesa de Coordinaci\u00f3n para la Construcci\u00f3n de la Paz su compromiso de mantener el orden social en Guerrero"},"content":{"rendered":"\n<p><strong><em>&#8212; Sin da\u00f1os en Guerrero por sismo registrado la madrugada de este jueves<\/em><\/strong><\/p>\n\n\n\n<p><strong>Chilpancingo, Gro., 22 de septiembre de 2022.- <\/strong>Como todas las ma\u00f1anas, la gobernadora Evelyn Salgado Pineda encabez\u00f3 la Mesa de Coordinaci\u00f3n para la Construcci\u00f3n de la Paz, en la que junto con autoridades de seguridad p\u00fablica y procuraci\u00f3n de justicia federal y estatal, dieron seguimiento a las incidencias delictivas y a las acciones implementadas ante el sismo registrado la madrugada de este jueves.<\/p>\n\n\n\n<p>Durante la reuni\u00f3n que se realiz\u00f3 en las instalaciones del recinto del Poder Ejecutivo, se inform\u00f3 que autoridades de la Secretar\u00eda de Seguridad P\u00fablica sostienen reuniones de trabajo con empresarios del municipio de Zihuatanejo con el prop\u00f3sito de mantener la estabilidad y paz social en la regi\u00f3n de la Costa Grande.<\/p>\n\n\n\n<p>Adem\u00e1s de dar certeza en las fuentes laborales de las empresas privadas de la zona, as\u00ed como a la propia ciudadan\u00eda.<\/p>\n\n\n\n<p>En lo que se refiere a la detenci\u00f3n de ocho personas por delito de extorsi\u00f3n en Zihuatanejo, autoridades de la delegaci\u00f3n de la Fiscal\u00eda General de la Rep\u00fablica comentaron que el juez decret\u00f3 su legal detenci\u00f3n.<\/p>\n\n\n\n<p>De igual forma el secretario de Seguridad P\u00fablica, Evelio M\u00e9ndez G\u00f3mez, dio a conocer que se realiz\u00f3 un despliegue operativo por parte de la polic\u00eda estatal en apoyo a las regiones de la Costa Chica y Costa Grande, en coordinaci\u00f3n con personal de la SEMAR, SEDENA, Guardia Nacional y Fiscal\u00eda General del Estado, con el prop\u00f3sito de prevenir la comisi\u00f3n de delitos en sus localidades.<\/p>\n\n\n\n<p>Las y los representantes de las autoridades del orden federal y estatal que conforman la Mesa de Coordinaci\u00f3n refrendaron su compromiso permanente para mantener el orden social en Guerrero.<\/p>\n","protected":false},"excerpt":{"rendered":"<p>&#8212; Sin da\u00f1os en Guerrero por sismo registrado la madrugada de este jueves Chilpancingo, Gro., 22 de septiembre de 2022.- Como todas las ma\u00f1anas, la gobernadora Evelyn Salgado Pineda encabez\u00f3&hellip; <\/p>\n","protected":false},"author":19,"featured_media":50966,"comment_status":"open","ping_status":"open","sticky":false,"template":"","format":"standard","meta":{"fifu_image_url":"","fifu_image_alt":"","footnotes":""},"categories":[11],"tags":[],"class_list":["post-50965","post","type-post","status-publish","format-standard","has-post-thumbnail","hentry","category-guerrero"],"_links":{"self":[{"href":"https:\/\/www.interaccionnoticias.com.mx\/index.php?rest_route=\/wp\/v2\/posts\/50965","targetHints":{"allow":["GET"]}}],"collection":[{"href":"https:\/\/www.interaccionnoticias.com.mx\/index.php?rest_route=\/wp\/v2\/posts"}],"about":[{"href":"https:\/\/www.interaccionnoticias.com.mx\/index.php?rest_route=\/wp\/v2\/types\/post"}],"author":[{"embeddable":true,"href":"https:\/\/www.interaccionnoticias.com.mx\/index.php?rest_route=\/wp\/v2\/users\/19"}],"replies":[{"embeddable":true,"href":"https:\/\/www.interaccionnoticias.com.mx\/index.php?rest_route=%2Fwp%2Fv2%2Fcomments&post=50965"}],"version-history":[{"count":1,"href":"https:\/\/www.interaccionnoticias.com.mx\/index.php?rest_route=\/wp\/v2\/posts\/50965\/revisions"}],"predecessor-version":[{"id":50967,"href":"https:\/\/www.interaccionnoticias.com.mx\/index.php?rest_route=\/wp\/v2\/posts\/50965\/revisions\/50967"}],"wp:featuredmedia":[{"embeddable":true,"href":"https:\/\/www.interaccionnoticias.com.mx\/index.php?rest_route=\/wp\/v2\/media\/50966"}],"wp:attachment":[{"href":"https:\/\/www.interaccionnoticias.com.mx\/index.php?rest_route=%2Fwp%2Fv2%2Fmedia&parent=50965"}],"wp:term":[{"taxonomy":"category","embeddable":true,"href":"https:\/\/www.interaccionnoticias.com.mx\/index.php?rest_route=%2Fwp%2Fv2%2Fcategories&post=50965"},{"taxonomy":"post_tag","embeddable":true,"href":"https:\/\/www.interaccionnoticias.com.mx\/index.php?rest_route=%2Fwp%2Fv2%2Ftags&post=50965"}],"curies":[{"name":"wp","href":"https:\/\/api.w.org\/{rel}","templated":true}]}}