{"id":50958,"date":"2022-09-22T13:56:40","date_gmt":"2022-09-22T18:56:40","guid":{"rendered":"https:\/\/interaccionnoticias.com.mx\/?p=50958"},"modified":"2022-09-22T13:56:44","modified_gmt":"2022-09-22T18:56:44","slug":"organizaciones-sociales-exigen-justicia-para-ex-comandante-de-la-policia-comunitaria-de-mazatlan","status":"publish","type":"post","link":"https:\/\/www.interaccionnoticias.com.mx\/?p=50958","title":{"rendered":"Organizaciones sociales exigen justicia para ex comandante de la Polic\u00eda Comunitaria de Mazatl\u00e1n"},"content":{"rendered":"\n<p><strong><em>&#8212; El asesinato de Hermenegildo Neri Ortiz, se\u00f1alan que es una muestra de la ausencia del Estado de Derecho<\/em><\/strong><\/p>\n\n\n\n<p><strong>Rogelio Agust\u00edn<\/strong><\/p>\n\n\n\n<p>Organizaciones ind\u00edgenas, campesinas y de trabajadores exigieron que se investigue el asesinato del comandante de la Polic\u00eda Comunitaria de Mazatl\u00e1n, municipio de Chilpancingo, Hermenegildo Neri Ortiz, promotor de la autodefensa armada desde hace m\u00e1s de diez a\u00f1os.<\/p>\n\n\n\n<p>\u201cDon Neri\u201d, como se conoc\u00eda en Mazatl\u00e1n al tambi\u00e9n ex comisario, fue asesinado el mi\u00e9rcoles 14 de septiembre, luego de ser acatado a balazos en un negocio de su propiedad.<\/p>\n\n\n\n<p>Fue integrante del Frente Unido por la Seguridad y el Desarrollo del Estado de Guerrero (FUSDEG), cuando dicha organizaci\u00f3n tuvo un periodo de expansi\u00f3n en el a\u00f1o 2015, tiempo en el que controlaba el corredor que va de Chilpancingo hacia Xaltianguis.<\/p>\n\n\n\n<p>El FUSDEG vivi\u00f3 un proceso de confrontaci\u00f3n interna, del que \u201cDon Neri\u201d quiso mantenerse al margen y se limit\u00f3 a coordinar un grupo de polic\u00edas comunitarios que resguardaban a la comunidad de Mazatl\u00e1n.<\/p>\n\n\n\n<p>Una semana despu\u00e9s de su asesinato, el Frente Progresista Guerrerense; la Organizaci\u00f3n de los Pueblos Ind\u00edgenas Meph\u00b4a (OPIM), la Organizaci\u00f3n Campesina Emiliano Zapata (OCEZ), el observatorio de la Sierra de Atoyac, Jornadas de Paz y la Federaci\u00f3n de Trabajadores Progresistas del Estado de Guerrero (FTPEG) emitieron un pronunciamiento en el que piden que dicho crimen se investigue a fondo, para llegar hasta los autores materiales e intelectuales del crimen.<\/p>\n\n\n\n<p>\u201cQueremos manifestar nuestra m\u00e1s en\u00e9rgica condena al cobarde asesinato del compa\u00f1ero Hermenegildo Neri Ortiz Romero, ex comisario municipal de Mazatl\u00e1n, municipio de Chilpancingo, hecho que nos ha tra\u00eddo dolor y conmoci\u00f3n\u201d, anot\u00f3.<\/p>\n\n\n\n<p>Dicho asesinato, se\u00f1alan que confirma la situaci\u00f3n de indefensi\u00f3n en que se vive en el estado de Guerrero, lo que provoca que haya una repetici\u00f3n cr\u00f3nica de dichas pr\u00e1cticas, lo que representa una constante violaci\u00f3n de los derechos humanos.<\/p>\n\n\n\n<p>Para las organizaciones, la impunidad no es m\u00e1s que el reflejo de la ausencia del Estado de Derecho, por esa raz\u00f3n hicieron un llamado a la gobernadora de Guerrero, Evelyn Salgado Pineda y tambi\u00e9n a la titular de la Fiscal\u00eda General del Estado (FGE), para garantizar que los responsables sean castigados de acuerdo con lo que establece la ley.<\/p>\n","protected":false},"excerpt":{"rendered":"<p>&#8212; El asesinato de Hermenegildo Neri Ortiz, se\u00f1alan que es una muestra de la ausencia del Estado de Derecho Rogelio Agust\u00edn Organizaciones ind\u00edgenas, campesinas y de trabajadores exigieron que se&hellip; <\/p>\n","protected":false},"author":21,"featured_media":50960,"comment_status":"open","ping_status":"open","sticky":false,"template":"","format":"standard","meta":{"fifu_image_url":"","fifu_image_alt":"","footnotes":""},"categories":[27],"tags":[],"class_list":["post-50958","post","type-post","status-publish","format-standard","has-post-thumbnail","hentry","category-seguridad-publica"],"_links":{"self":[{"href":"https:\/\/www.interaccionnoticias.com.mx\/index.php?rest_route=\/wp\/v2\/posts\/50958","targetHints":{"allow":["GET"]}}],"collection":[{"href":"https:\/\/www.interaccionnoticias.com.mx\/index.php?rest_route=\/wp\/v2\/posts"}],"about":[{"href":"https:\/\/www.interaccionnoticias.com.mx\/index.php?rest_route=\/wp\/v2\/types\/post"}],"author":[{"embeddable":true,"href":"https:\/\/www.interaccionnoticias.com.mx\/index.php?rest_route=\/wp\/v2\/users\/21"}],"replies":[{"embeddable":true,"href":"https:\/\/www.interaccionnoticias.com.mx\/index.php?rest_route=%2Fwp%2Fv2%2Fcomments&post=50958"}],"version-history":[{"count":1,"href":"https:\/\/www.interaccionnoticias.com.mx\/index.php?rest_route=\/wp\/v2\/posts\/50958\/revisions"}],"predecessor-version":[{"id":50961,"href":"https:\/\/www.interaccionnoticias.com.mx\/index.php?rest_route=\/wp\/v2\/posts\/50958\/revisions\/50961"}],"wp:featuredmedia":[{"embeddable":true,"href":"https:\/\/www.interaccionnoticias.com.mx\/index.php?rest_route=\/wp\/v2\/media\/50960"}],"wp:attachment":[{"href":"https:\/\/www.interaccionnoticias.com.mx\/index.php?rest_route=%2Fwp%2Fv2%2Fmedia&parent=50958"}],"wp:term":[{"taxonomy":"category","embeddable":true,"href":"https:\/\/www.interaccionnoticias.com.mx\/index.php?rest_route=%2Fwp%2Fv2%2Fcategories&post=50958"},{"taxonomy":"post_tag","embeddable":true,"href":"https:\/\/www.interaccionnoticias.com.mx\/index.php?rest_route=%2Fwp%2Fv2%2Ftags&post=50958"}],"curies":[{"name":"wp","href":"https:\/\/api.w.org\/{rel}","templated":true}]}}