{"id":50955,"date":"2022-09-22T13:33:47","date_gmt":"2022-09-22T18:33:47","guid":{"rendered":"https:\/\/interaccionnoticias.com.mx\/?p=50955"},"modified":"2022-09-22T13:33:51","modified_gmt":"2022-09-22T18:33:51","slug":"guerrero-sin-danos-por-el-sismo-de-6-9-grados","status":"publish","type":"post","link":"https:\/\/www.interaccionnoticias.com.mx\/?p=50955","title":{"rendered":"Guerrero sin da\u00f1os, por el sismo de 6.9 Grados"},"content":{"rendered":"\n<p><strong><em>&#8212; Protecci\u00f3n Civil realiz\u00f3 un monitoreo en los 81 municipios, ning\u00fan alcalde report\u00f3 afectaciones mayores<\/em><\/strong><\/p>\n\n\n\n<p><strong>Rogelio Agust\u00edn<\/strong><\/p>\n\n\n\n<p><strong>Chilpancingo, Gro., 22 de septiembre del 2022.- <\/strong>El titular de la Secretar\u00eda de Protecci\u00f3n Civil (SPC) del Gobierno del estado, Roberto Arroyo Matus confirm\u00f3 que hasta el momento, en Guerrero no se reportan da\u00f1os provocados por el sismo de 6.9 grados registrado la madrugada de este jueves 22 de septiembre.<\/p>\n\n\n\n<p>Una vez que se activaron los protocolos de atenci\u00f3n por el sismo de magnitud 6.9, con epicentro en el estado de Michoac\u00e1n, la Secretar\u00eda de Protecci\u00f3n Civil-Guerrero inform\u00f3 que en esta entidad no se registraron afectaciones.<\/p>\n\n\n\n<p>El funcionario explic\u00f3 que hubo un recorrido en las coordinaciones de las siete regiones del estado, lo que permiti\u00f3 establecer comunicaci\u00f3n con las autoridades de los 81 municipios, quienes no reportan da\u00f1os generados por el movimiento tel\u00farico.<\/p>\n\n\n\n<p>Arroyo Matus detall\u00f3 que el movimiento se percibo ligero en la regi\u00f3n monta\u00f1a y moderado en las regiones Costa Grande, Centro, Norte y Tierra Caliente.<\/p>\n\n\n\n<p>A pregunta expresa, dijo que no hay ni escuelas ni edificios p\u00fablicos con da\u00f1os estructurales, tras los sismos del lunes 19 de septiembre y el de la madrugada de este jueves.<\/p>\n\n\n\n<p>Sin embargo, recomend\u00f3 a la poblaci\u00f3n de Guerrero mantener la calma, atender las indicaciones de las autoridades, no propagar rumores y reportar cualquier incidencia al n\u00famero de emergencias 911.<\/p>\n","protected":false},"excerpt":{"rendered":"<p>&#8212; Protecci\u00f3n Civil realiz\u00f3 un monitoreo en los 81 municipios, ning\u00fan alcalde report\u00f3 afectaciones mayores Rogelio Agust\u00edn Chilpancingo, Gro., 22 de septiembre del 2022.- El titular de la Secretar\u00eda de&hellip; <\/p>\n","protected":false},"author":21,"featured_media":50956,"comment_status":"open","ping_status":"open","sticky":false,"template":"","format":"standard","meta":{"fifu_image_url":"","fifu_image_alt":"","footnotes":""},"categories":[9],"tags":[],"class_list":["post-50955","post","type-post","status-publish","format-standard","has-post-thumbnail","hentry","category-fenomenos-naturales"],"_links":{"self":[{"href":"https:\/\/www.interaccionnoticias.com.mx\/index.php?rest_route=\/wp\/v2\/posts\/50955","targetHints":{"allow":["GET"]}}],"collection":[{"href":"https:\/\/www.interaccionnoticias.com.mx\/index.php?rest_route=\/wp\/v2\/posts"}],"about":[{"href":"https:\/\/www.interaccionnoticias.com.mx\/index.php?rest_route=\/wp\/v2\/types\/post"}],"author":[{"embeddable":true,"href":"https:\/\/www.interaccionnoticias.com.mx\/index.php?rest_route=\/wp\/v2\/users\/21"}],"replies":[{"embeddable":true,"href":"https:\/\/www.interaccionnoticias.com.mx\/index.php?rest_route=%2Fwp%2Fv2%2Fcomments&post=50955"}],"version-history":[{"count":1,"href":"https:\/\/www.interaccionnoticias.com.mx\/index.php?rest_route=\/wp\/v2\/posts\/50955\/revisions"}],"predecessor-version":[{"id":50957,"href":"https:\/\/www.interaccionnoticias.com.mx\/index.php?rest_route=\/wp\/v2\/posts\/50955\/revisions\/50957"}],"wp:featuredmedia":[{"embeddable":true,"href":"https:\/\/www.interaccionnoticias.com.mx\/index.php?rest_route=\/wp\/v2\/media\/50956"}],"wp:attachment":[{"href":"https:\/\/www.interaccionnoticias.com.mx\/index.php?rest_route=%2Fwp%2Fv2%2Fmedia&parent=50955"}],"wp:term":[{"taxonomy":"category","embeddable":true,"href":"https:\/\/www.interaccionnoticias.com.mx\/index.php?rest_route=%2Fwp%2Fv2%2Fcategories&post=50955"},{"taxonomy":"post_tag","embeddable":true,"href":"https:\/\/www.interaccionnoticias.com.mx\/index.php?rest_route=%2Fwp%2Fv2%2Ftags&post=50955"}],"curies":[{"name":"wp","href":"https:\/\/api.w.org\/{rel}","templated":true}]}}