{"id":50943,"date":"2022-09-21T22:04:23","date_gmt":"2022-09-22T03:04:23","guid":{"rendered":"https:\/\/interaccionnoticias.com.mx\/?p=50943"},"modified":"2022-09-21T22:04:27","modified_gmt":"2022-09-22T03:04:27","slug":"acusan-a-ex-dirigentes-de-la-normal-de-ayotzinapa-de-vivir-a-costa-de-sus-companeros-muertos","status":"publish","type":"post","link":"https:\/\/www.interaccionnoticias.com.mx\/?p=50943","title":{"rendered":"Acusan a ex dirigentes de la Normal de Ayotzinapa de \u201cvivir a costa de sus compa\u00f1eros muertos\u201d"},"content":{"rendered":"\n<p><strong><em>&#8212; Eduardo Moreno Peralta, integrante de la Coordinadora Nacional de Egresados de la Normal Rural de Ayotzinapa cuestiona el papel del diputado federal Manuel V\u00e1zquez Arellano y David Flores Maldonado, funcionario de la SEP, entre otros<br>&#8212; \u201cTienen mucho que explicar\u201d, se\u00f1ala en carta difundida a trav\u00e9s de redes sociales<\/em><\/strong><\/p>\n\n\n\n<p><strong>Rogelio Agust\u00edn<\/strong><\/p>\n\n\n\n<p>El profesor Eduardo Moreno Peralta, egresado de la Normal Rural de Ayotzinapa, acus\u00f3 al diputado federal Manuel V\u00e1zquez, mejor conocido bajo el alias de \u201cOmar Garc\u00eda\u201d, de vivir a costa de los 43 desaparecidos la noche del 26 de septiembre de 2014, quien dijo, debe de explicar la raz\u00f3n por la que mand\u00f3 a 137 de sus compa\u00f1eros a tomar autobuses a la ciudad de Iguala de la Independencia.<\/p>\n\n\n\n<p>La noche del miercoles 21 de septiembre, el profesor Moreno Peralta utiliz\u00f3 la p\u00e1gina de la Coordinadora Nacional de Egresados Normalistas para lanzarse en contra de su ex compa\u00f1ero de plantel.<\/p>\n\n\n\n<p>El texto posteado en la red social se titula \u00abVivir a costillas de los compa\u00f1eros muertos\u00bb, el se\u00f1alamiento va dirigido en contra de otros ex dirigentes estudiantiles de Ayotzinapa, entre ellos David Flores Maldonado, quien actualmente es funcionario de la Secretar\u00eda de Educaci\u00f3n P\u00fablica (SEP).<\/p>\n\n\n\n<p><strong>La acusaci\u00f3n<\/strong><\/p>\n\n\n\n<p>El documento redactado por Eduardo Moreno se\u00f1ala lo siguiente: \u201cMe permito enviar esta carta p\u00fablica para acusar, una vez m\u00e1s, la responsabilidad que tuvo mi ex compa\u00f1ero de la normal de Ayotzinapa en 2014, Manuel V\u00e1zquez Arellano, al enviar a 137 alumnos de primer grado a secuestrar camiones, la noche del 26 de septiembre de 2014\u201d.<\/p>\n\n\n\n<p>Explica que es profesor egresado de la Normal Rural, manifiesta su intenci\u00f3n de precisar que a V\u00e1zquez Arellano, junto con David Flores Maldonado, que era el secretario general de la sociedad de alumnos en ese tiempo, \u201cuna gran parte de la comunidad estudiantil, as\u00ed como padres y madres de los 43 alumnos desaparecidos y asesinados en Iguala, se les ha invitado a un debate p\u00fablico, con la presencia de periodistas, para deslindar sus responsabilidades\u201d.<\/p>\n\n\n\n<p>Recuerda que Manuel V\u00e1zquez es conocido con varios apodos, como \u201cEl Eterno\u201d; \u201cEl Abuelo\u201d, \u201cJackie Chan\u201d o tambi\u00e9n como \u201cOmar Garc\u00eda\u201d.<\/p>\n\n\n\n<p>Este \u00faltimo un pseud\u00f3nimo, destaca que se usaba por cuestiones de seguridad, pero indica que no tiene duda de que se trata del hoy diputado federal, electo por la v\u00eda plurinominal bajo las siglas de Morena.<\/p>\n\n\n\n<p>\u201cDesde el 2006 ya se le conoc\u00eda con ese sobrenombre y los que sabemos de su historia conocemos de lo que signific\u00f3 su paso por la normal\u201d, se\u00f1ala.<\/p>\n\n\n\n<p>Sostiene que desde que regres\u00f3 a la Nornal, lo \u00fanico que manifest\u00f3 el hoy diputado federal, fue su inter\u00e9s de ser secretario general de la FECSM.<\/p>\n\n\n\n<p>Asegura: \u201cTe traicion\u00f3 tu inter\u00e9s y tu ambici\u00f3n por buscar las c\u00e1maras, tener dinero y ser importante. \u00bfTe acuerdas cuando quer\u00edas implementar en la normal una semana de inducci\u00f3n militar? Copiaste estrategias de guerrilla que ense\u00f1aste a los compa\u00f1eros que llevaste a la localidad de Xaltepetla. \u00bfNo fue ah\u00ed adonde te llevaste a los activistas para prepararlos porque seg\u00fan t\u00fa se aproximaba algo? Se te olvida que maltrataste e insultaste a la persona con quien creciste en Omeapa, Jhosivani Guerrero de la Cruz\u201d.<\/p>\n\n\n\n<p>Asegura que en ese momento, Manuel marc\u00f3 por tel\u00e9fono a sus familiares para decirles que Joshivanni hab\u00eda ca\u00eddo muerto y que \u00e9l era testigo.<\/p>\n\n\n\n<p>\u201cPosteriormente, te reclamaron por los intereses econ\u00f3micos que te generaron tus visitas a Estados Unidos y tuviste el descaro de hacerte de palabras con esa familia\u201d, indica.<\/p>\n\n\n\n<p><strong>Tuvo un sospechoso regreso a la Normal Rural<\/strong><\/p>\n\n\n\n<p>Ante las inconsistencias demostradas, sostiene que Manuel V\u00e1zquez ten\u00eda prohibida la entrada a la Normal Rural, pero a\u00fan as\u00ed logr\u00f3 reincorporarse y al parecer sin muchas complicaciones.<\/p>\n\n\n\n<p>\u201c\u00bfQui\u00e9n te dej\u00f3 entrar? Ni siquiera tuviste que sacar una ficha para ingresar. Alguien ya te hab\u00eda apartado tu sitio. Adem\u00e1s, nunca egresaste de la normal y terminaste estudiando en una universidad privada, financiada por tus padrinos pol\u00edticos.<\/p>\n\n\n\n<p>Aunque durante el movimiento generado tras los ataques del 26 de septiembre se manej\u00f3 como vocero, el profesor Eduardo asegura que \u201cla instituci\u00f3n en ning\u00fan momento le dio esa autoridad\u201d.<\/p>\n\n\n\n<p>Refiere tambi\u00e9n que V\u00e1zquez Arellan no actu\u00f3 solo: \u201cTuvo ayuda de otros alumnos como el mencionado David Flores Maldonado y Eduardo Maganda, quienes junto con \u00e9l fueron premiados por los diferentes gobiernos con cargos p\u00fablicos importantes\u201d.<\/p>\n\n\n\n<p>Ellos, sostiene que son parte de una estructura que hizo y que hace prevalecer un pacto de silencio, que hasta el momento impide realizar una investigaci\u00f3n adecuada\u201d.<\/p>\n\n\n\n<p>Tambi\u00e9n pregunta los avances que la cooperaci\u00f3n del diputado federal ha representado para la Comisi\u00f3n para la Verdad en el caso de Ayotzinapa.<\/p>\n\n\n\n<p>\u201cLo que sucedi\u00f3 fue que t\u00fa te adue\u00f1aste del movimiento porque solamente ustedes pueden hablar del tema, solamente ustedes tienen las puertas abiertas de las autoridades\u201d, acusa.<\/p>\n\n\n\n<p>Y se\u00f1ala que si hay alguien que sabe acerca de lo sucedido, es el secretario ejecutivo de la Comisi\u00f3n, F\u00e9lix Santana, quien se\u00f1ala, \u201cantes de ser funcionario escribi\u00f3 en coautor\u00eda el libro La guerra que nos ocultan, donde se detalla la s\u00e1bana de llamadas del normalista asesinado Julio C\u00e9sar Mondrag\u00f3n Fontes. Ahora resulta que esas llamadas no ser\u00edan investigadas todas cuando hay contactos al Campo Militar 1, de la Ciudad de M\u00e9xico\u201d.<\/p>\n\n\n\n<p>Entre otras cosas, reprocha que el diputado V\u00e1zquez Arellano haya votado a favor de la militarizaci\u00f3n de la Guardia Nacional (GN), cuando fueron los soldados destacamentados en Iguala quienes participaron en las desapariciones y asesinatos.<\/p>\n\n\n\n<p>\u201cSi tuviera dignidad, tendr\u00eda que renunciar al cargo que consigui\u00f3 a costillas de los 43. \u00c9l no conoce lo que en verdad es una lucha social, y s\u00f3lo por mencionar lo superficial, yo no recuerdo que Genaro V\u00e1squez o Lucio Caba\u00f1as se cambiaran el nombre\u201d, indica.<\/p>\n\n\n\n<p>La situaci\u00f3n es tal, que se\u00f1ala que el propio abogado de los padres y madres de los 43, Vidulfo Rosales, ha tenido que aceptar que el diputado Manuel V\u00e1zquez \u201cha dejado mucho que desear\u201d con las decisiones que ha tomado respecto de Ayotzinapa\u201d.<\/p>\n\n\n\n<p>Lo mismo sucede en el caso de David Flores Maldonado, por lo que lanza ina invitaci\u00f3n: \u201cQue por fin los padres y madres de los 43 vayan anim\u00e1ndose a romper el silencio en torno a la figura siniestra del diputado, representa para quienes lo hemos denunciado desde hace a\u00f1os un avance significativo. El diputado V\u00e1zquez tiene mucho que explicarnos a todos\u201d.<\/p>\n","protected":false},"excerpt":{"rendered":"<p>&#8212; Eduardo Moreno Peralta, integrante de la Coordinadora Nacional de Egresados de la Normal Rural de Ayotzinapa cuestiona el papel del diputado federal Manuel V\u00e1zquez Arellano y David Flores Maldonado,&hellip; <\/p>\n","protected":false},"author":21,"featured_media":50944,"comment_status":"open","ping_status":"open","sticky":false,"template":"","format":"standard","meta":{"fifu_image_url":"","fifu_image_alt":"","footnotes":""},"categories":[15],"tags":[],"class_list":["post-50943","post","type-post","status-publish","format-standard","has-post-thumbnail","hentry","category-movimientos-sociales"],"_links":{"self":[{"href":"https:\/\/www.interaccionnoticias.com.mx\/index.php?rest_route=\/wp\/v2\/posts\/50943","targetHints":{"allow":["GET"]}}],"collection":[{"href":"https:\/\/www.interaccionnoticias.com.mx\/index.php?rest_route=\/wp\/v2\/posts"}],"about":[{"href":"https:\/\/www.interaccionnoticias.com.mx\/index.php?rest_route=\/wp\/v2\/types\/post"}],"author":[{"embeddable":true,"href":"https:\/\/www.interaccionnoticias.com.mx\/index.php?rest_route=\/wp\/v2\/users\/21"}],"replies":[{"embeddable":true,"href":"https:\/\/www.interaccionnoticias.com.mx\/index.php?rest_route=%2Fwp%2Fv2%2Fcomments&post=50943"}],"version-history":[{"count":1,"href":"https:\/\/www.interaccionnoticias.com.mx\/index.php?rest_route=\/wp\/v2\/posts\/50943\/revisions"}],"predecessor-version":[{"id":50945,"href":"https:\/\/www.interaccionnoticias.com.mx\/index.php?rest_route=\/wp\/v2\/posts\/50943\/revisions\/50945"}],"wp:featuredmedia":[{"embeddable":true,"href":"https:\/\/www.interaccionnoticias.com.mx\/index.php?rest_route=\/wp\/v2\/media\/50944"}],"wp:attachment":[{"href":"https:\/\/www.interaccionnoticias.com.mx\/index.php?rest_route=%2Fwp%2Fv2%2Fmedia&parent=50943"}],"wp:term":[{"taxonomy":"category","embeddable":true,"href":"https:\/\/www.interaccionnoticias.com.mx\/index.php?rest_route=%2Fwp%2Fv2%2Fcategories&post=50943"},{"taxonomy":"post_tag","embeddable":true,"href":"https:\/\/www.interaccionnoticias.com.mx\/index.php?rest_route=%2Fwp%2Fv2%2Ftags&post=50943"}],"curies":[{"name":"wp","href":"https:\/\/api.w.org\/{rel}","templated":true}]}}