{"id":50939,"date":"2022-09-21T20:03:38","date_gmt":"2022-09-22T01:03:38","guid":{"rendered":"https:\/\/interaccionnoticias.com.mx\/?p=50939"},"modified":"2022-09-21T20:03:43","modified_gmt":"2022-09-22T01:03:43","slug":"firma-semai-convenio-de-colaboracion-con-el-iepcgro-en-beneficio-de-los-migrantes","status":"publish","type":"post","link":"https:\/\/www.interaccionnoticias.com.mx\/?p=50939","title":{"rendered":"Firma SEMAI convenio de colaboraci\u00f3n con el IEPCGro, en beneficio de los migrantes"},"content":{"rendered":"\n<p><strong>Chilpancingo, Gro., 21 de septiembre del 2022.\u2013 <\/strong>Con el objetivo de establecer bases de coordinaci\u00f3n, divulgaci\u00f3n y difusi\u00f3n de las actividades que promuevan los derechos pol\u00edtico \u2013 electorales, la participaci\u00f3n ciudadana y el voto guerrerense que reside en el extranjero, la Secretar\u00eda de Migrantes y Asuntos Internacionales de Guerrero (SEMAI), firm\u00f3 un convenio institucional con el Instituto Electoral y de Participaci\u00f3n Ciudadana de Guerrero (IEPC).<\/p>\n\n\n\n<p>La firma de convenio entre la SEMAI y el IEPC, permitir\u00e1 establecer las bases de coordinaci\u00f3n entre ambas instituciones para que promuevan los derechos pol\u00edtico \u2013 electorales, la participaci\u00f3n ciudadana y el voto de la ciudadan\u00eda guerrerense residente en el extranjero como forma de reivindicar los derechos humanos de este grupo social.<\/p>\n\n\n\n<p>En su intervenci\u00f3n la subsecretaria y encargada de despacho de la SEMAI, Alondra Garc\u00eda Lucatero, reconoci\u00f3 la labor que realiza el IEPC, a trav\u00e9s de la coordinaci\u00f3n que encabeza la consejera presidenta, Luz Fabiola Matildes Gama.<\/p>\n\n\n\n<p>Destac\u00f3 que la gobernadora Evelyn Salgado Pineda, les ha encomendado generar firmas de convenios que sean en beneficio de los migrantes y sus familias a fin de mejorar sus condiciones de vida de todas y todos.<\/p>\n\n\n\n<p>Explic\u00f3 que es importante garantizar los derechos pol\u00edtico \u2013 electorales de todas y todos los migrantes y que por ello la SEMAI, tiene fijado como uno de sus principales objetivos continuar con la celebraci\u00f3n de firmas con otras instituciones.<\/p>\n\n\n\n<p>Finalmente, se procedi\u00f3 a realizar la firma de convenio entre la SEMAI y el IEPCGro, con el que se concreta el trabajo institucional en beneficio de los migrantes en el extranjero.<\/p>\n\n\n\n<figure class=\"wp-block-gallery columns-2 is-cropped wp-block-gallery-1 is-layout-flex wp-block-gallery-is-layout-flex\"><ul class=\"blocks-gallery-grid\"><li class=\"blocks-gallery-item\"><figure><img decoding=\"async\" src=\"data:image\/gif;base64,R0lGODlhAQABAIAAAAAAAP\/\/\/ywAAAAAAQABAAACAUwAOw==\" fifu-lazy=\"1\" fifu-data-sizes=\"auto\" fifu-data-srcset=\"https:\/\/i0.wp.com\/interaccionnoticias.com.mx\/wp-content\/uploads\/2022\/09\/220921-SEMAI-convenio-IEPCGro-1-1024x683.jpg?ssl=1&w=75&resize=75&ssl=1 75w, https:\/\/i0.wp.com\/interaccionnoticias.com.mx\/wp-content\/uploads\/2022\/09\/220921-SEMAI-convenio-IEPCGro-1-1024x683.jpg?ssl=1&w=100&resize=100&ssl=1 100w, https:\/\/i0.wp.com\/interaccionnoticias.com.mx\/wp-content\/uploads\/2022\/09\/220921-SEMAI-convenio-IEPCGro-1-1024x683.jpg?ssl=1&w=150&resize=150&ssl=1 150w, https:\/\/i0.wp.com\/interaccionnoticias.com.mx\/wp-content\/uploads\/2022\/09\/220921-SEMAI-convenio-IEPCGro-1-1024x683.jpg?ssl=1&w=240&resize=240&ssl=1 240w, https:\/\/i0.wp.com\/interaccionnoticias.com.mx\/wp-content\/uploads\/2022\/09\/220921-SEMAI-convenio-IEPCGro-1-1024x683.jpg?ssl=1&w=320&resize=320&ssl=1 320w, https:\/\/i0.wp.com\/interaccionnoticias.com.mx\/wp-content\/uploads\/2022\/09\/220921-SEMAI-convenio-IEPCGro-1-1024x683.jpg?ssl=1&w=500&resize=500&ssl=1 500w, https:\/\/i0.wp.com\/interaccionnoticias.com.mx\/wp-content\/uploads\/2022\/09\/220921-SEMAI-convenio-IEPCGro-1-1024x683.jpg?ssl=1&w=640&resize=640&ssl=1 640w, https:\/\/i0.wp.com\/interaccionnoticias.com.mx\/wp-content\/uploads\/2022\/09\/220921-SEMAI-convenio-IEPCGro-1-1024x683.jpg?ssl=1&w=800&resize=800&ssl=1 800w, https:\/\/i0.wp.com\/interaccionnoticias.com.mx\/wp-content\/uploads\/2022\/09\/220921-SEMAI-convenio-IEPCGro-1-1024x683.jpg?ssl=1&w=1024&resize=1024&ssl=1 1024w, https:\/\/i0.wp.com\/interaccionnoticias.com.mx\/wp-content\/uploads\/2022\/09\/220921-SEMAI-convenio-IEPCGro-1-1024x683.jpg?ssl=1&w=1280&resize=1280&ssl=1 1280w, https:\/\/i0.wp.com\/interaccionnoticias.com.mx\/wp-content\/uploads\/2022\/09\/220921-SEMAI-convenio-IEPCGro-1-1024x683.jpg?ssl=1&w=1600&resize=1600&ssl=1 1600w\" fifu-data-src=\"https:\/\/i0.wp.com\/interaccionnoticias.com.mx\/wp-content\/uploads\/2022\/09\/220921-SEMAI-convenio-IEPCGro-1-1024x683.jpg?ssl=1\" alt=\"\" data-id=\"50940\" data-full-url=\"https:\/\/interaccionnoticias.com.mx\/wp-content\/uploads\/2022\/09\/220921-SEMAI-convenio-IEPCGro-1.jpg\" data-link=\"https:\/\/interaccionnoticias.com.mx\/?attachment_id=50940\" class=\"wp-image-50940\"\/><\/figure><\/li><li class=\"blocks-gallery-item\"><figure><img decoding=\"async\" src=\"data:image\/gif;base64,R0lGODlhAQABAIAAAAAAAP\/\/\/ywAAAAAAQABAAACAUwAOw==\" fifu-lazy=\"1\" fifu-data-sizes=\"auto\" fifu-data-srcset=\"https:\/\/i0.wp.com\/interaccionnoticias.com.mx\/wp-content\/uploads\/2022\/09\/220921-SEMAI-convenio-IEPCGro-1024x683.jpg?ssl=1&w=75&resize=75&ssl=1 75w, https:\/\/i0.wp.com\/interaccionnoticias.com.mx\/wp-content\/uploads\/2022\/09\/220921-SEMAI-convenio-IEPCGro-1024x683.jpg?ssl=1&w=100&resize=100&ssl=1 100w, https:\/\/i0.wp.com\/interaccionnoticias.com.mx\/wp-content\/uploads\/2022\/09\/220921-SEMAI-convenio-IEPCGro-1024x683.jpg?ssl=1&w=150&resize=150&ssl=1 150w, https:\/\/i0.wp.com\/interaccionnoticias.com.mx\/wp-content\/uploads\/2022\/09\/220921-SEMAI-convenio-IEPCGro-1024x683.jpg?ssl=1&w=240&resize=240&ssl=1 240w, https:\/\/i0.wp.com\/interaccionnoticias.com.mx\/wp-content\/uploads\/2022\/09\/220921-SEMAI-convenio-IEPCGro-1024x683.jpg?ssl=1&w=320&resize=320&ssl=1 320w, https:\/\/i0.wp.com\/interaccionnoticias.com.mx\/wp-content\/uploads\/2022\/09\/220921-SEMAI-convenio-IEPCGro-1024x683.jpg?ssl=1&w=500&resize=500&ssl=1 500w, https:\/\/i0.wp.com\/interaccionnoticias.com.mx\/wp-content\/uploads\/2022\/09\/220921-SEMAI-convenio-IEPCGro-1024x683.jpg?ssl=1&w=640&resize=640&ssl=1 640w, https:\/\/i0.wp.com\/interaccionnoticias.com.mx\/wp-content\/uploads\/2022\/09\/220921-SEMAI-convenio-IEPCGro-1024x683.jpg?ssl=1&w=800&resize=800&ssl=1 800w, https:\/\/i0.wp.com\/interaccionnoticias.com.mx\/wp-content\/uploads\/2022\/09\/220921-SEMAI-convenio-IEPCGro-1024x683.jpg?ssl=1&w=1024&resize=1024&ssl=1 1024w, https:\/\/i0.wp.com\/interaccionnoticias.com.mx\/wp-content\/uploads\/2022\/09\/220921-SEMAI-convenio-IEPCGro-1024x683.jpg?ssl=1&w=1280&resize=1280&ssl=1 1280w, https:\/\/i0.wp.com\/interaccionnoticias.com.mx\/wp-content\/uploads\/2022\/09\/220921-SEMAI-convenio-IEPCGro-1024x683.jpg?ssl=1&w=1600&resize=1600&ssl=1 1600w\" fifu-data-src=\"https:\/\/i0.wp.com\/interaccionnoticias.com.mx\/wp-content\/uploads\/2022\/09\/220921-SEMAI-convenio-IEPCGro-1024x683.jpg?ssl=1\" alt=\"\" data-id=\"50941\" data-full-url=\"https:\/\/interaccionnoticias.com.mx\/wp-content\/uploads\/2022\/09\/220921-SEMAI-convenio-IEPCGro.jpg\" data-link=\"https:\/\/interaccionnoticias.com.mx\/?attachment_id=50941\" class=\"wp-image-50941\"\/><\/figure><\/li><\/ul><\/figure>\n","protected":false},"excerpt":{"rendered":"<p>Chilpancingo, Gro., 21 de septiembre del 2022.\u2013 Con el objetivo de establecer bases de coordinaci\u00f3n, divulgaci\u00f3n y difusi\u00f3n de las actividades que promuevan los derechos pol\u00edtico \u2013 electorales, la participaci\u00f3n&hellip; <\/p>\n","protected":false},"author":19,"featured_media":50941,"comment_status":"open","ping_status":"open","sticky":false,"template":"","format":"standard","meta":{"fifu_image_url":"","fifu_image_alt":"","footnotes":""},"categories":[17],"tags":[],"class_list":["post-50939","post","type-post","status-publish","format-standard","has-post-thumbnail","hentry","category-organos-electorales"],"_links":{"self":[{"href":"https:\/\/www.interaccionnoticias.com.mx\/index.php?rest_route=\/wp\/v2\/posts\/50939","targetHints":{"allow":["GET"]}}],"collection":[{"href":"https:\/\/www.interaccionnoticias.com.mx\/index.php?rest_route=\/wp\/v2\/posts"}],"about":[{"href":"https:\/\/www.interaccionnoticias.com.mx\/index.php?rest_route=\/wp\/v2\/types\/post"}],"author":[{"embeddable":true,"href":"https:\/\/www.interaccionnoticias.com.mx\/index.php?rest_route=\/wp\/v2\/users\/19"}],"replies":[{"embeddable":true,"href":"https:\/\/www.interaccionnoticias.com.mx\/index.php?rest_route=%2Fwp%2Fv2%2Fcomments&post=50939"}],"version-history":[{"count":1,"href":"https:\/\/www.interaccionnoticias.com.mx\/index.php?rest_route=\/wp\/v2\/posts\/50939\/revisions"}],"predecessor-version":[{"id":50942,"href":"https:\/\/www.interaccionnoticias.com.mx\/index.php?rest_route=\/wp\/v2\/posts\/50939\/revisions\/50942"}],"wp:featuredmedia":[{"embeddable":true,"href":"https:\/\/www.interaccionnoticias.com.mx\/index.php?rest_route=\/wp\/v2\/media\/50941"}],"wp:attachment":[{"href":"https:\/\/www.interaccionnoticias.com.mx\/index.php?rest_route=%2Fwp%2Fv2%2Fmedia&parent=50939"}],"wp:term":[{"taxonomy":"category","embeddable":true,"href":"https:\/\/www.interaccionnoticias.com.mx\/index.php?rest_route=%2Fwp%2Fv2%2Fcategories&post=50939"},{"taxonomy":"post_tag","embeddable":true,"href":"https:\/\/www.interaccionnoticias.com.mx\/index.php?rest_route=%2Fwp%2Fv2%2Ftags&post=50939"}],"curies":[{"name":"wp","href":"https:\/\/api.w.org\/{rel}","templated":true}]}}