{"id":50870,"date":"2022-09-20T21:46:20","date_gmt":"2022-09-21T02:46:20","guid":{"rendered":"https:\/\/interaccionnoticias.com.mx\/?p=50870"},"modified":"2022-09-20T21:46:24","modified_gmt":"2022-09-21T02:46:24","slug":"se-restablece-servicio-de-energia-electrica-en-andador-emiliano-zapata-y-zocalo","status":"publish","type":"post","link":"https:\/\/www.interaccionnoticias.com.mx\/?p=50870","title":{"rendered":"Se restablece servicio de energ\u00eda el\u00e9ctrica en andador Emiliano Zapata y Z\u00f3calo"},"content":{"rendered":"\n<p><strong>Chilpancingo, Gro., 20 de septiembre.-<\/strong> Luego de los trabajos que realiz\u00f3 la Comisi\u00f3n Federal de Electricidad para sustituir un transformador que se averi\u00f3 a consecuencia de las lluvias, el servicio de energ\u00eda el\u00e9ctrica se restableci\u00f3 en el andador Emiliano Zapata y el Z\u00f3calo.<\/p>\n\n\n\n<p>Como se recordara, las l\u00edneas subterr\u00e1neas de media tensi\u00f3n de la Comisi\u00f3n Federal de Electricidad (CFE) sufrieron da\u00f1os por la corriente de agua provocando un corto circuito.<\/p>\n\n\n\n<p>Esta situaci\u00f3n averi\u00f3 el transformador que suministra parte del alumbrado p\u00fablico de la plaza c\u00edvica y particulares.<\/p>\n\n\n\n<p>Sin embargo, tras los trabajos realizados por la CFE, el servicio de energ\u00eda el\u00e9ctrica se restableci\u00f3 en el andador Emiliano Zapata y el z\u00f3calo capitalino.<\/p>\n\n\n\n<figure class=\"wp-block-gallery columns-2 is-cropped wp-block-gallery-1 is-layout-flex wp-block-gallery-is-layout-flex\"><ul class=\"blocks-gallery-grid\"><li class=\"blocks-gallery-item\"><figure><img decoding=\"async\" src=\"data:image\/gif;base64,R0lGODlhAQABAIAAAAAAAP\/\/\/ywAAAAAAQABAAACAUwAOw==\" fifu-lazy=\"1\" fifu-data-sizes=\"auto\" fifu-data-srcset=\"https:\/\/i0.wp.com\/interaccionnoticias.com.mx\/wp-content\/uploads\/2022\/09\/220920-Se-restablece-servicio-de-energia-3-1024x683.jpeg?ssl=1&w=75&resize=75&ssl=1 75w, https:\/\/i0.wp.com\/interaccionnoticias.com.mx\/wp-content\/uploads\/2022\/09\/220920-Se-restablece-servicio-de-energia-3-1024x683.jpeg?ssl=1&w=100&resize=100&ssl=1 100w, https:\/\/i0.wp.com\/interaccionnoticias.com.mx\/wp-content\/uploads\/2022\/09\/220920-Se-restablece-servicio-de-energia-3-1024x683.jpeg?ssl=1&w=150&resize=150&ssl=1 150w, https:\/\/i0.wp.com\/interaccionnoticias.com.mx\/wp-content\/uploads\/2022\/09\/220920-Se-restablece-servicio-de-energia-3-1024x683.jpeg?ssl=1&w=240&resize=240&ssl=1 240w, https:\/\/i0.wp.com\/interaccionnoticias.com.mx\/wp-content\/uploads\/2022\/09\/220920-Se-restablece-servicio-de-energia-3-1024x683.jpeg?ssl=1&w=320&resize=320&ssl=1 320w, https:\/\/i0.wp.com\/interaccionnoticias.com.mx\/wp-content\/uploads\/2022\/09\/220920-Se-restablece-servicio-de-energia-3-1024x683.jpeg?ssl=1&w=500&resize=500&ssl=1 500w, https:\/\/i0.wp.com\/interaccionnoticias.com.mx\/wp-content\/uploads\/2022\/09\/220920-Se-restablece-servicio-de-energia-3-1024x683.jpeg?ssl=1&w=640&resize=640&ssl=1 640w, https:\/\/i0.wp.com\/interaccionnoticias.com.mx\/wp-content\/uploads\/2022\/09\/220920-Se-restablece-servicio-de-energia-3-1024x683.jpeg?ssl=1&w=800&resize=800&ssl=1 800w, https:\/\/i0.wp.com\/interaccionnoticias.com.mx\/wp-content\/uploads\/2022\/09\/220920-Se-restablece-servicio-de-energia-3-1024x683.jpeg?ssl=1&w=1024&resize=1024&ssl=1 1024w, https:\/\/i0.wp.com\/interaccionnoticias.com.mx\/wp-content\/uploads\/2022\/09\/220920-Se-restablece-servicio-de-energia-3-1024x683.jpeg?ssl=1&w=1280&resize=1280&ssl=1 1280w, https:\/\/i0.wp.com\/interaccionnoticias.com.mx\/wp-content\/uploads\/2022\/09\/220920-Se-restablece-servicio-de-energia-3-1024x683.jpeg?ssl=1&w=1600&resize=1600&ssl=1 1600w\" fifu-data-src=\"https:\/\/i0.wp.com\/interaccionnoticias.com.mx\/wp-content\/uploads\/2022\/09\/220920-Se-restablece-servicio-de-energia-3-1024x683.jpeg?ssl=1\" alt=\"\" data-id=\"50873\" data-full-url=\"https:\/\/interaccionnoticias.com.mx\/wp-content\/uploads\/2022\/09\/220920-Se-restablece-servicio-de-energia-3.jpeg\" data-link=\"https:\/\/interaccionnoticias.com.mx\/?attachment_id=50873\" class=\"wp-image-50873\"\/><\/figure><\/li><li class=\"blocks-gallery-item\"><figure><img decoding=\"async\" src=\"data:image\/gif;base64,R0lGODlhAQABAIAAAAAAAP\/\/\/ywAAAAAAQABAAACAUwAOw==\" fifu-lazy=\"1\" fifu-data-sizes=\"auto\" fifu-data-srcset=\"https:\/\/i1.wp.com\/interaccionnoticias.com.mx\/wp-content\/uploads\/2022\/09\/220920-Se-restablece-servicio-de-energia-1-1024x683.jpeg?ssl=1&w=75&resize=75&ssl=1 75w, https:\/\/i1.wp.com\/interaccionnoticias.com.mx\/wp-content\/uploads\/2022\/09\/220920-Se-restablece-servicio-de-energia-1-1024x683.jpeg?ssl=1&w=100&resize=100&ssl=1 100w, https:\/\/i1.wp.com\/interaccionnoticias.com.mx\/wp-content\/uploads\/2022\/09\/220920-Se-restablece-servicio-de-energia-1-1024x683.jpeg?ssl=1&w=150&resize=150&ssl=1 150w, https:\/\/i1.wp.com\/interaccionnoticias.com.mx\/wp-content\/uploads\/2022\/09\/220920-Se-restablece-servicio-de-energia-1-1024x683.jpeg?ssl=1&w=240&resize=240&ssl=1 240w, https:\/\/i1.wp.com\/interaccionnoticias.com.mx\/wp-content\/uploads\/2022\/09\/220920-Se-restablece-servicio-de-energia-1-1024x683.jpeg?ssl=1&w=320&resize=320&ssl=1 320w, https:\/\/i1.wp.com\/interaccionnoticias.com.mx\/wp-content\/uploads\/2022\/09\/220920-Se-restablece-servicio-de-energia-1-1024x683.jpeg?ssl=1&w=500&resize=500&ssl=1 500w, https:\/\/i1.wp.com\/interaccionnoticias.com.mx\/wp-content\/uploads\/2022\/09\/220920-Se-restablece-servicio-de-energia-1-1024x683.jpeg?ssl=1&w=640&resize=640&ssl=1 640w, https:\/\/i1.wp.com\/interaccionnoticias.com.mx\/wp-content\/uploads\/2022\/09\/220920-Se-restablece-servicio-de-energia-1-1024x683.jpeg?ssl=1&w=800&resize=800&ssl=1 800w, https:\/\/i1.wp.com\/interaccionnoticias.com.mx\/wp-content\/uploads\/2022\/09\/220920-Se-restablece-servicio-de-energia-1-1024x683.jpeg?ssl=1&w=1024&resize=1024&ssl=1 1024w, https:\/\/i1.wp.com\/interaccionnoticias.com.mx\/wp-content\/uploads\/2022\/09\/220920-Se-restablece-servicio-de-energia-1-1024x683.jpeg?ssl=1&w=1280&resize=1280&ssl=1 1280w, https:\/\/i1.wp.com\/interaccionnoticias.com.mx\/wp-content\/uploads\/2022\/09\/220920-Se-restablece-servicio-de-energia-1-1024x683.jpeg?ssl=1&w=1600&resize=1600&ssl=1 1600w\" fifu-data-src=\"https:\/\/i1.wp.com\/interaccionnoticias.com.mx\/wp-content\/uploads\/2022\/09\/220920-Se-restablece-servicio-de-energia-1-1024x683.jpeg?ssl=1\" alt=\"\" data-id=\"50871\" data-full-url=\"https:\/\/interaccionnoticias.com.mx\/wp-content\/uploads\/2022\/09\/220920-Se-restablece-servicio-de-energia-1.jpeg\" data-link=\"https:\/\/interaccionnoticias.com.mx\/?attachment_id=50871\" class=\"wp-image-50871\"\/><\/figure><\/li><li class=\"blocks-gallery-item\"><figure><img decoding=\"async\" src=\"data:image\/gif;base64,R0lGODlhAQABAIAAAAAAAP\/\/\/ywAAAAAAQABAAACAUwAOw==\" fifu-lazy=\"1\" fifu-data-sizes=\"auto\" fifu-data-srcset=\"https:\/\/i0.wp.com\/interaccionnoticias.com.mx\/wp-content\/uploads\/2022\/09\/220920-Se-restablece-servicio-de-energia-2-1024x683.jpeg?ssl=1&w=75&resize=75&ssl=1 75w, https:\/\/i0.wp.com\/interaccionnoticias.com.mx\/wp-content\/uploads\/2022\/09\/220920-Se-restablece-servicio-de-energia-2-1024x683.jpeg?ssl=1&w=100&resize=100&ssl=1 100w, https:\/\/i0.wp.com\/interaccionnoticias.com.mx\/wp-content\/uploads\/2022\/09\/220920-Se-restablece-servicio-de-energia-2-1024x683.jpeg?ssl=1&w=150&resize=150&ssl=1 150w, https:\/\/i0.wp.com\/interaccionnoticias.com.mx\/wp-content\/uploads\/2022\/09\/220920-Se-restablece-servicio-de-energia-2-1024x683.jpeg?ssl=1&w=240&resize=240&ssl=1 240w, https:\/\/i0.wp.com\/interaccionnoticias.com.mx\/wp-content\/uploads\/2022\/09\/220920-Se-restablece-servicio-de-energia-2-1024x683.jpeg?ssl=1&w=320&resize=320&ssl=1 320w, https:\/\/i0.wp.com\/interaccionnoticias.com.mx\/wp-content\/uploads\/2022\/09\/220920-Se-restablece-servicio-de-energia-2-1024x683.jpeg?ssl=1&w=500&resize=500&ssl=1 500w, https:\/\/i0.wp.com\/interaccionnoticias.com.mx\/wp-content\/uploads\/2022\/09\/220920-Se-restablece-servicio-de-energia-2-1024x683.jpeg?ssl=1&w=640&resize=640&ssl=1 640w, https:\/\/i0.wp.com\/interaccionnoticias.com.mx\/wp-content\/uploads\/2022\/09\/220920-Se-restablece-servicio-de-energia-2-1024x683.jpeg?ssl=1&w=800&resize=800&ssl=1 800w, https:\/\/i0.wp.com\/interaccionnoticias.com.mx\/wp-content\/uploads\/2022\/09\/220920-Se-restablece-servicio-de-energia-2-1024x683.jpeg?ssl=1&w=1024&resize=1024&ssl=1 1024w, https:\/\/i0.wp.com\/interaccionnoticias.com.mx\/wp-content\/uploads\/2022\/09\/220920-Se-restablece-servicio-de-energia-2-1024x683.jpeg?ssl=1&w=1280&resize=1280&ssl=1 1280w, https:\/\/i0.wp.com\/interaccionnoticias.com.mx\/wp-content\/uploads\/2022\/09\/220920-Se-restablece-servicio-de-energia-2-1024x683.jpeg?ssl=1&w=1600&resize=1600&ssl=1 1600w\" fifu-data-src=\"https:\/\/i0.wp.com\/interaccionnoticias.com.mx\/wp-content\/uploads\/2022\/09\/220920-Se-restablece-servicio-de-energia-2-1024x683.jpeg?ssl=1\" alt=\"\" data-id=\"50872\" data-full-url=\"https:\/\/interaccionnoticias.com.mx\/wp-content\/uploads\/2022\/09\/220920-Se-restablece-servicio-de-energia-2.jpeg\" data-link=\"https:\/\/interaccionnoticias.com.mx\/?attachment_id=50872\" class=\"wp-image-50872\"\/><\/figure><\/li><\/ul><\/figure>\n","protected":false},"excerpt":{"rendered":"<p>Chilpancingo, Gro., 20 de septiembre.- Luego de los trabajos que realiz\u00f3 la Comisi\u00f3n Federal de Electricidad para sustituir un transformador que se averi\u00f3 a consecuencia de las lluvias, el servicio&hellip; <\/p>\n","protected":false},"author":19,"featured_media":50872,"comment_status":"open","ping_status":"open","sticky":false,"template":"","format":"standard","meta":{"fifu_image_url":"","fifu_image_alt":"","footnotes":""},"categories":[13],"tags":[],"class_list":["post-50870","post","type-post","status-publish","format-standard","has-post-thumbnail","hentry","category-capital"],"_links":{"self":[{"href":"https:\/\/www.interaccionnoticias.com.mx\/index.php?rest_route=\/wp\/v2\/posts\/50870","targetHints":{"allow":["GET"]}}],"collection":[{"href":"https:\/\/www.interaccionnoticias.com.mx\/index.php?rest_route=\/wp\/v2\/posts"}],"about":[{"href":"https:\/\/www.interaccionnoticias.com.mx\/index.php?rest_route=\/wp\/v2\/types\/post"}],"author":[{"embeddable":true,"href":"https:\/\/www.interaccionnoticias.com.mx\/index.php?rest_route=\/wp\/v2\/users\/19"}],"replies":[{"embeddable":true,"href":"https:\/\/www.interaccionnoticias.com.mx\/index.php?rest_route=%2Fwp%2Fv2%2Fcomments&post=50870"}],"version-history":[{"count":1,"href":"https:\/\/www.interaccionnoticias.com.mx\/index.php?rest_route=\/wp\/v2\/posts\/50870\/revisions"}],"predecessor-version":[{"id":50874,"href":"https:\/\/www.interaccionnoticias.com.mx\/index.php?rest_route=\/wp\/v2\/posts\/50870\/revisions\/50874"}],"wp:featuredmedia":[{"embeddable":true,"href":"https:\/\/www.interaccionnoticias.com.mx\/index.php?rest_route=\/wp\/v2\/media\/50872"}],"wp:attachment":[{"href":"https:\/\/www.interaccionnoticias.com.mx\/index.php?rest_route=%2Fwp%2Fv2%2Fmedia&parent=50870"}],"wp:term":[{"taxonomy":"category","embeddable":true,"href":"https:\/\/www.interaccionnoticias.com.mx\/index.php?rest_route=%2Fwp%2Fv2%2Fcategories&post=50870"},{"taxonomy":"post_tag","embeddable":true,"href":"https:\/\/www.interaccionnoticias.com.mx\/index.php?rest_route=%2Fwp%2Fv2%2Ftags&post=50870"}],"curies":[{"name":"wp","href":"https:\/\/api.w.org\/{rel}","templated":true}]}}