{"id":5086,"date":"2017-06-05T16:04:38","date_gmt":"2017-06-05T21:04:38","guid":{"rendered":"http:\/\/www.inter-accion.com.mx\/?p=5086"},"modified":"2017-06-05T16:04:38","modified_gmt":"2017-06-05T21:04:38","slug":"violencia-en-chilpancingo-por-control-del-trasiego-de-amapola-insiste-leyva-mena","status":"publish","type":"post","link":"https:\/\/www.interaccionnoticias.com.mx\/?p=5086","title":{"rendered":"Violencia en Chilpancingo, por control y trasiego de amapola, insiste Leyva Mena"},"content":{"rendered":"<p><strong>Chilpancingo, 5 de junio de 2017<\/strong>.- El alcalde capitalino, Marco Antonio Leyva Mena, insisti\u00f3 que la violencia en Chilpancingo, se genera a ra\u00edz de la confrontaci\u00f3n entre las bandas criminales por el trasiego y control de amapola.<br \/>\nAunado a ello, asegur\u00f3 que la falta de recursos ha sido clave para que el municipio no pueda hacer frente a temas como la prevenci\u00f3n del delito y reconstrucci\u00f3n del tejido social.<br \/>\nLa desaparici\u00f3n del Programa Nacional de Prevenci\u00f3n del delito (PRONAPRED), el cual no fue incluido en el presupuesto de egresos de la federaci\u00f3n para el presente a\u00f1o, fue un \u00abgolpe muy fuerte\u00bb para la administraci\u00f3n municipal, se\u00f1al\u00f3 el edil.&nbsp;<br \/>\nEn entrevista, al concluir un evento en la residencia oficial de Casa Guerrero, Leyva Mena se\u00f1al\u00f3 que no se puede negar el tema de los asesinatos perpetrados en la capital y m\u00e1s a\u00fan cuando esos hechos se relacionan con la confrontaci\u00f3n entre bandas criminales.<br \/>\n\u00abSe est\u00e1 dando un enfrentamiento entre estas organizaciones criminales, y obviamente parecer\u00eda ser que entre m\u00e1s salvaje y cruel son este tipo de situaciones, pues son mensajes que se mandan entre unos y otros\u00bb explic\u00f3 el edil.<br \/>\nUn conte\u00f3 realizado por este medio, se\u00f1ala que entre el lunes 29 de mayo y el domingo 4 de junio se suscitaron 20 asesinatos en distintos puntos de la capital guerrerense<\/p>\n","protected":false},"excerpt":{"rendered":"<p>Chilpancingo, 5 de junio de 2017.- El alcalde capitalino, Marco Antonio Leyva Mena, insisti\u00f3 que la violencia en Chilpancingo, se genera a ra\u00edz de la confrontaci\u00f3n entre las bandas criminales&hellip; <\/p>\n","protected":false},"author":1,"featured_media":0,"comment_status":"closed","ping_status":"closed","sticky":false,"template":"","format":"standard","meta":{"fifu_image_url":"","fifu_image_alt":"","footnotes":""},"categories":[13,8],"tags":[],"class_list":["post-5086","post","type-post","status-publish","format-standard","hentry","category-capital","category-featured"],"_links":{"self":[{"href":"https:\/\/www.interaccionnoticias.com.mx\/index.php?rest_route=\/wp\/v2\/posts\/5086","targetHints":{"allow":["GET"]}}],"collection":[{"href":"https:\/\/www.interaccionnoticias.com.mx\/index.php?rest_route=\/wp\/v2\/posts"}],"about":[{"href":"https:\/\/www.interaccionnoticias.com.mx\/index.php?rest_route=\/wp\/v2\/types\/post"}],"author":[{"embeddable":true,"href":"https:\/\/www.interaccionnoticias.com.mx\/index.php?rest_route=\/wp\/v2\/users\/1"}],"replies":[{"embeddable":true,"href":"https:\/\/www.interaccionnoticias.com.mx\/index.php?rest_route=%2Fwp%2Fv2%2Fcomments&post=5086"}],"version-history":[{"count":0,"href":"https:\/\/www.interaccionnoticias.com.mx\/index.php?rest_route=\/wp\/v2\/posts\/5086\/revisions"}],"wp:attachment":[{"href":"https:\/\/www.interaccionnoticias.com.mx\/index.php?rest_route=%2Fwp%2Fv2%2Fmedia&parent=5086"}],"wp:term":[{"taxonomy":"category","embeddable":true,"href":"https:\/\/www.interaccionnoticias.com.mx\/index.php?rest_route=%2Fwp%2Fv2%2Fcategories&post=5086"},{"taxonomy":"post_tag","embeddable":true,"href":"https:\/\/www.interaccionnoticias.com.mx\/index.php?rest_route=%2Fwp%2Fv2%2Ftags&post=5086"}],"curies":[{"name":"wp","href":"https:\/\/api.w.org\/{rel}","templated":true}]}}