{"id":5075,"date":"2017-06-05T12:49:37","date_gmt":"2017-06-05T17:49:37","guid":{"rendered":"http:\/\/www.inter-accion.com.mx\/?p=5075"},"modified":"2017-06-05T12:49:37","modified_gmt":"2017-06-05T17:49:37","slug":"gobernador-upoeg-y-fusdeg-deben-desarmarse","status":"publish","type":"post","link":"https:\/\/www.interaccionnoticias.com.mx\/?p=5075","title":{"rendered":"Gobernador: Upoeg y FUSDEG deben desarmarse"},"content":{"rendered":"<p><strong>El gobernador sostiene que ambas organizaciones no le sirven a la poblaci\u00f3n &nbsp;<\/strong><br \/>\nEl gobernador H\u00e9ctor Astudillo Flores sostuvo que lo m\u00e1s conveniente en estos momentos es el desarme de las polic\u00edas ciudadanas de la Uni\u00f3n de Pueblos y Organizaciones del Estado de Guerrero (UPOEG) y del Frente Unido por la Seguridad y el Desarrollo Social (FUSDEG), ya que no funcionan como grupos de autodefensa, porque sirven a intereses ajenos a la poblaci\u00f3n.<br \/>\nLa tarde del domingo 4 de junio, en Tierra Colorada se gener\u00f3 un nuevo cap\u00edtulo de tensi\u00f3n entre las autodefensas del FUSDEG y la UPOEG, luego de un bloqueo a la Autopista del Sol que fue desalojado por la Polic\u00eda Federal (PF).<br \/>\n\u201cYo he venido comentando que lo que procede es desarmarlos, no funcionan como grupos de autodefensa, no funcionan como grupos que defienden a la poblaci\u00f3n, se sienten como grupos que se dedican a enfrentarse entre ellos; eso ya no ayuda en nada; al contrario generan mucha convulsi\u00f3n &nbsp;social, temor y demandan la intervenci\u00f3n del gobierno para ponerse muchas veces en medio, para que no pasen cosas mayores\u201d.<br \/>\nEn la valoraci\u00f3n del jefe del Ejecutivo local, las organizaciones que en su momento funcionaron para resguardar a la poblaci\u00f3n, ya dejaron de operar como tales y por lo tanto; \u201clo que procede es desarmarlos, porque son demasiados los problemas que crean y en absolutamente nada aportan al beneficio de la poblaci\u00f3n\u201d.<br \/>\nIndic\u00f3 que ya es el momento de comenzar a revisar cual ser\u00e1 el mecanismo adecuado para generar el desarme de ambos grupos, para evitar que se profundice en la confrontaci\u00f3n.<br \/>\nPero insisti\u00f3: \u201cEn mi opini\u00f3n, estas dos organizaciones no le sirven al pueblo; le sirven a un grupo que las controla y que generan una gran confrontaci\u00f3n de manera casi permanente\u201d.<\/p>\n","protected":false},"excerpt":{"rendered":"<p>El gobernador sostiene que ambas organizaciones no le sirven a la poblaci\u00f3n &nbsp; El gobernador H\u00e9ctor Astudillo Flores sostuvo que lo m\u00e1s conveniente en estos momentos es el desarme de&hellip; <\/p>\n","protected":false},"author":1,"featured_media":0,"comment_status":"closed","ping_status":"closed","sticky":false,"template":"","format":"standard","meta":{"fifu_image_url":"","fifu_image_alt":"","footnotes":""},"categories":[8,11],"tags":[],"class_list":["post-5075","post","type-post","status-publish","format-standard","hentry","category-featured","category-guerrero"],"_links":{"self":[{"href":"https:\/\/www.interaccionnoticias.com.mx\/index.php?rest_route=\/wp\/v2\/posts\/5075","targetHints":{"allow":["GET"]}}],"collection":[{"href":"https:\/\/www.interaccionnoticias.com.mx\/index.php?rest_route=\/wp\/v2\/posts"}],"about":[{"href":"https:\/\/www.interaccionnoticias.com.mx\/index.php?rest_route=\/wp\/v2\/types\/post"}],"author":[{"embeddable":true,"href":"https:\/\/www.interaccionnoticias.com.mx\/index.php?rest_route=\/wp\/v2\/users\/1"}],"replies":[{"embeddable":true,"href":"https:\/\/www.interaccionnoticias.com.mx\/index.php?rest_route=%2Fwp%2Fv2%2Fcomments&post=5075"}],"version-history":[{"count":0,"href":"https:\/\/www.interaccionnoticias.com.mx\/index.php?rest_route=\/wp\/v2\/posts\/5075\/revisions"}],"wp:attachment":[{"href":"https:\/\/www.interaccionnoticias.com.mx\/index.php?rest_route=%2Fwp%2Fv2%2Fmedia&parent=5075"}],"wp:term":[{"taxonomy":"category","embeddable":true,"href":"https:\/\/www.interaccionnoticias.com.mx\/index.php?rest_route=%2Fwp%2Fv2%2Fcategories&post=5075"},{"taxonomy":"post_tag","embeddable":true,"href":"https:\/\/www.interaccionnoticias.com.mx\/index.php?rest_route=%2Fwp%2Fv2%2Ftags&post=5075"}],"curies":[{"name":"wp","href":"https:\/\/api.w.org\/{rel}","templated":true}]}}