{"id":5072,"date":"2017-06-05T10:39:45","date_gmt":"2017-06-05T15:39:45","guid":{"rendered":"http:\/\/www.inter-accion.com.mx\/?p=5072"},"modified":"2017-06-05T10:39:45","modified_gmt":"2017-06-05T15:39:45","slug":"justicia-y-ni-uno-mas-gritan-reporteros-a-astudillo-flores-en-evento-protocolario","status":"publish","type":"post","link":"https:\/\/www.interaccionnoticias.com.mx\/?p=5072","title":{"rendered":"\u201cJusticia\u201d y \u201cni uno m\u00e1s\u201d gritan reporteros a Astudillo Flores en evento protocolario"},"content":{"rendered":"<p><strong>Chilpancingo, 5 de junio de 2017.-<\/strong> Con gritos de justicia y pancartas, reporteros de diversos medios de comunicaci\u00f3n increparon al gobernador H\u00e9ctor Astudillo Flores, durante un evento protocolario realizado en el Palacio de Gobierno.<br \/>\nEl gobernador H\u00e9ctor Astudillo Flores, dirig\u00eda un discurso durante la actividad de honores a la bandera, que se realiza el primer lunes de cada mes en las instalaciones del Palacio de Gobierno.<br \/>\nAl interrumpir la participaci\u00f3n del mandatario estatal, los reporteros lanzaron gritos para exigir el esclarecimiento de la reciente agresi\u00f3n que sufri\u00f3 la locutora amuzga, Marcela de Jes\u00fas Natalia, la cual se encuentra hospitalizada a ra\u00edz de un ataque armado en Ometepec.<br \/>\nDurante la manifestaci\u00f3n, la presidenta del sistema Desarrollo Integral de la Familia (DIF), Mercedes Calvo de Astudillo pronunci\u00f3 algunas frases a los comunicadores, tales como \u201cacu\u00e9rdense como inici\u00f3 esto y acu\u00e9rdense que tienen pap\u00e1s\u201d.<br \/>\nEn tanto que en entrevista, el reportero Zacar\u00edas Cervantes a\u00f1adi\u00f3: \u201cNo queremos que siga pasando en Guerrero, no es un asunto de incomodar, no venimos a incomodar al gobernador, venimos a que nos escuchen, se trata de mecanismos, se trata de voluntad, que investigue los casos\u201d.<\/p>\n","protected":false},"excerpt":{"rendered":"<p>Chilpancingo, 5 de junio de 2017.- Con gritos de justicia y pancartas, reporteros de diversos medios de comunicaci\u00f3n increparon al gobernador H\u00e9ctor Astudillo Flores, durante un evento protocolario realizado en&hellip; <\/p>\n","protected":false},"author":1,"featured_media":0,"comment_status":"closed","ping_status":"closed","sticky":false,"template":"","format":"standard","meta":{"fifu_image_url":"","fifu_image_alt":"","footnotes":""},"categories":[8,15],"tags":[],"class_list":["post-5072","post","type-post","status-publish","format-standard","hentry","category-featured","category-movimientos-sociales"],"_links":{"self":[{"href":"https:\/\/www.interaccionnoticias.com.mx\/index.php?rest_route=\/wp\/v2\/posts\/5072","targetHints":{"allow":["GET"]}}],"collection":[{"href":"https:\/\/www.interaccionnoticias.com.mx\/index.php?rest_route=\/wp\/v2\/posts"}],"about":[{"href":"https:\/\/www.interaccionnoticias.com.mx\/index.php?rest_route=\/wp\/v2\/types\/post"}],"author":[{"embeddable":true,"href":"https:\/\/www.interaccionnoticias.com.mx\/index.php?rest_route=\/wp\/v2\/users\/1"}],"replies":[{"embeddable":true,"href":"https:\/\/www.interaccionnoticias.com.mx\/index.php?rest_route=%2Fwp%2Fv2%2Fcomments&post=5072"}],"version-history":[{"count":0,"href":"https:\/\/www.interaccionnoticias.com.mx\/index.php?rest_route=\/wp\/v2\/posts\/5072\/revisions"}],"wp:attachment":[{"href":"https:\/\/www.interaccionnoticias.com.mx\/index.php?rest_route=%2Fwp%2Fv2%2Fmedia&parent=5072"}],"wp:term":[{"taxonomy":"category","embeddable":true,"href":"https:\/\/www.interaccionnoticias.com.mx\/index.php?rest_route=%2Fwp%2Fv2%2Fcategories&post=5072"},{"taxonomy":"post_tag","embeddable":true,"href":"https:\/\/www.interaccionnoticias.com.mx\/index.php?rest_route=%2Fwp%2Fv2%2Ftags&post=5072"}],"curies":[{"name":"wp","href":"https:\/\/api.w.org\/{rel}","templated":true}]}}