{"id":50485,"date":"2022-09-12T20:16:17","date_gmt":"2022-09-13T01:16:17","guid":{"rendered":"https:\/\/interaccionnoticias.com.mx\/?p=50485"},"modified":"2022-09-12T20:16:18","modified_gmt":"2022-09-13T01:16:18","slug":"franja-costera-con-mar-de-fondo-en-guerrero","status":"publish","type":"post","link":"https:\/\/www.interaccionnoticias.com.mx\/?p=50485","title":{"rendered":"Franja costera con Mar de Fondo en Guerrero"},"content":{"rendered":"\n<p><em><strong>&#8212; Advierte de marejadas y oleaje elvado de 2.1 a 3.0 metros de altura<\/strong><\/em><\/p>\n\n\n\n<p><strong>Javier Trujillo<\/strong><\/p>\n\n\n\n<p><strong>Acapulco, Gro.-<\/strong> La Secretaria de Protecci\u00f3n Civil Guerrero, a trav\u00e9s de la Secretaria de Marina pronostica un nuevo fen\u00f3meno de mar de fondo a lo largo de m\u00e1s de 500 kil\u00f3metros de litoral costero y habr\u00e1 oleaje de 2.1 a 3.0 metros de altura.<\/p>\n\n\n\n<p>De acuerdo con la SEMAR y la SPC, informa que a partir del 12 al 14 de septiembre del presente, prevalecer\u00e1 un nuevo evento de mar de fondo en las costas del Pac\u00edfico Mexicano, del estado de Jalisco hasta Chiapas, incluyendo al estado de Guerrero.<\/p>\n\n\n\n<p>Alerta a la poblaci\u00f3n en general para tomar precauciones en las \u00e1reas de playa y debido a las marejadas, y oleaje de 2.1 a 3.0 metros de altura en per\u00edodos de 14 a 15 segundos.<\/p>\n\n\n\n<p>Lo anterior, de acuerdo con lo informado por la Direcci\u00f3n de Monitoreo y An\u00e1lisis de Riesgos, adscrita a la Secretar\u00eda de Protecci\u00f3n Civil en la entidad.<\/p>\n","protected":false},"excerpt":{"rendered":"<p>&#8212; Advierte de marejadas y oleaje elvado de 2.1 a 3.0 metros de altura Javier Trujillo Acapulco, Gro.- La Secretaria de Protecci\u00f3n Civil Guerrero, a trav\u00e9s de la Secretaria de&hellip; <\/p>\n","protected":false},"author":3,"featured_media":50486,"comment_status":"open","ping_status":"open","sticky":false,"template":"","format":"standard","meta":{"fifu_image_url":"","fifu_image_alt":"","footnotes":""},"categories":[9],"tags":[],"class_list":["post-50485","post","type-post","status-publish","format-standard","has-post-thumbnail","hentry","category-fenomenos-naturales"],"_links":{"self":[{"href":"https:\/\/www.interaccionnoticias.com.mx\/index.php?rest_route=\/wp\/v2\/posts\/50485","targetHints":{"allow":["GET"]}}],"collection":[{"href":"https:\/\/www.interaccionnoticias.com.mx\/index.php?rest_route=\/wp\/v2\/posts"}],"about":[{"href":"https:\/\/www.interaccionnoticias.com.mx\/index.php?rest_route=\/wp\/v2\/types\/post"}],"author":[{"embeddable":true,"href":"https:\/\/www.interaccionnoticias.com.mx\/index.php?rest_route=\/wp\/v2\/users\/3"}],"replies":[{"embeddable":true,"href":"https:\/\/www.interaccionnoticias.com.mx\/index.php?rest_route=%2Fwp%2Fv2%2Fcomments&post=50485"}],"version-history":[{"count":1,"href":"https:\/\/www.interaccionnoticias.com.mx\/index.php?rest_route=\/wp\/v2\/posts\/50485\/revisions"}],"predecessor-version":[{"id":50487,"href":"https:\/\/www.interaccionnoticias.com.mx\/index.php?rest_route=\/wp\/v2\/posts\/50485\/revisions\/50487"}],"wp:featuredmedia":[{"embeddable":true,"href":"https:\/\/www.interaccionnoticias.com.mx\/index.php?rest_route=\/wp\/v2\/media\/50486"}],"wp:attachment":[{"href":"https:\/\/www.interaccionnoticias.com.mx\/index.php?rest_route=%2Fwp%2Fv2%2Fmedia&parent=50485"}],"wp:term":[{"taxonomy":"category","embeddable":true,"href":"https:\/\/www.interaccionnoticias.com.mx\/index.php?rest_route=%2Fwp%2Fv2%2Fcategories&post=50485"},{"taxonomy":"post_tag","embeddable":true,"href":"https:\/\/www.interaccionnoticias.com.mx\/index.php?rest_route=%2Fwp%2Fv2%2Ftags&post=50485"}],"curies":[{"name":"wp","href":"https:\/\/api.w.org\/{rel}","templated":true}]}}