{"id":50482,"date":"2022-09-12T20:09:35","date_gmt":"2022-09-13T01:09:35","guid":{"rendered":"https:\/\/interaccionnoticias.com.mx\/?p=50482"},"modified":"2022-09-12T20:09:40","modified_gmt":"2022-09-13T01:09:40","slug":"listos-los-operativos-de-seguridad-y-atencion-a-turistas-para-estas-fiestas-patrias-ludwig-marcial","status":"publish","type":"post","link":"https:\/\/www.interaccionnoticias.com.mx\/?p=50482","title":{"rendered":"Listos los operativos de seguridad y atenci\u00f3n a turistas para estas fiestas patrias: Ludwig Marcial"},"content":{"rendered":"\n<p><strong><em>&#8212; Hay coordinaci\u00f3n entre las autoridades de los tres niveles de Gobierno<\/em><\/strong><\/p>\n\n\n\n<p><strong>Chilpancingo, Gro., 12 de septiembre de 2022.- <\/strong>El secretario general de Gobierno, Ludwig Marcial Reynoso N\u00fa\u00f1ez inform\u00f3 que se encuentra listo el operativo de seguridad y protecci\u00f3n civil y que se mantiene una coordinaci\u00f3n con autoridades municipales, para que las fiestas patrias se realicen de forma segura y ordenada, lo anterior al presidir la sesi\u00f3n de la Mesa de Coordinaci\u00f3n para la Construcci\u00f3n de la Paz.<\/p>\n\n\n\n<p>Como todos los d\u00edas durante la sesi\u00f3n, se abordaron asuntos relacionados con la seguridad y se inform\u00f3 sobre la estrategia prevista para los pr\u00f3ximos d\u00edas en las que se tienen ceremonias alusivas al mes patrio y que se desarrollar\u00e1n en los municipios del estado.<\/p>\n\n\n\n<p>Reynoso N\u00fa\u00f1ez dijo que al igual que en otros puentes vacacionales, ya se encuentra listo el operativo para atender a los visitantes que lleguen al estado, para disfrutar de las fiestas patrias que ser\u00e1n organizadas por los ayuntamientos y en la capital se har\u00e1 de manera coordinada con el gobierno del estado y cuyas ceremonias c\u00edvicas inician este 13 de septiembre y abarcar\u00e1n todo el fin de semana; todos estos eventos ser\u00e1n presididos por la gobernadora Evelyn Salgado Pineda, acompa\u00f1ada de autoridades civiles y militares.<\/p>\n\n\n\n<p>Las autoridades integrantes de la Mesa de Coordinaci\u00f3n dieron cuenta en la sesi\u00f3n de la incidencia delictiva y los operativos que se realizan, as\u00ed como de la estrategia de seguridad y atenci\u00f3n a los ciudadanos, adem\u00e1s de los resultados en materia de procuraci\u00f3n de justicia.<\/p>\n","protected":false},"excerpt":{"rendered":"<p>&#8212; Hay coordinaci\u00f3n entre las autoridades de los tres niveles de Gobierno Chilpancingo, Gro., 12 de septiembre de 2022.- El secretario general de Gobierno, Ludwig Marcial Reynoso N\u00fa\u00f1ez inform\u00f3 que&hellip; <\/p>\n","protected":false},"author":19,"featured_media":50483,"comment_status":"open","ping_status":"open","sticky":false,"template":"","format":"standard","meta":{"fifu_image_url":"","fifu_image_alt":"","footnotes":""},"categories":[11],"tags":[],"class_list":["post-50482","post","type-post","status-publish","format-standard","has-post-thumbnail","hentry","category-guerrero"],"_links":{"self":[{"href":"https:\/\/www.interaccionnoticias.com.mx\/index.php?rest_route=\/wp\/v2\/posts\/50482","targetHints":{"allow":["GET"]}}],"collection":[{"href":"https:\/\/www.interaccionnoticias.com.mx\/index.php?rest_route=\/wp\/v2\/posts"}],"about":[{"href":"https:\/\/www.interaccionnoticias.com.mx\/index.php?rest_route=\/wp\/v2\/types\/post"}],"author":[{"embeddable":true,"href":"https:\/\/www.interaccionnoticias.com.mx\/index.php?rest_route=\/wp\/v2\/users\/19"}],"replies":[{"embeddable":true,"href":"https:\/\/www.interaccionnoticias.com.mx\/index.php?rest_route=%2Fwp%2Fv2%2Fcomments&post=50482"}],"version-history":[{"count":1,"href":"https:\/\/www.interaccionnoticias.com.mx\/index.php?rest_route=\/wp\/v2\/posts\/50482\/revisions"}],"predecessor-version":[{"id":50484,"href":"https:\/\/www.interaccionnoticias.com.mx\/index.php?rest_route=\/wp\/v2\/posts\/50482\/revisions\/50484"}],"wp:featuredmedia":[{"embeddable":true,"href":"https:\/\/www.interaccionnoticias.com.mx\/index.php?rest_route=\/wp\/v2\/media\/50483"}],"wp:attachment":[{"href":"https:\/\/www.interaccionnoticias.com.mx\/index.php?rest_route=%2Fwp%2Fv2%2Fmedia&parent=50482"}],"wp:term":[{"taxonomy":"category","embeddable":true,"href":"https:\/\/www.interaccionnoticias.com.mx\/index.php?rest_route=%2Fwp%2Fv2%2Fcategories&post=50482"},{"taxonomy":"post_tag","embeddable":true,"href":"https:\/\/www.interaccionnoticias.com.mx\/index.php?rest_route=%2Fwp%2Fv2%2Ftags&post=50482"}],"curies":[{"name":"wp","href":"https:\/\/api.w.org\/{rel}","templated":true}]}}