{"id":50478,"date":"2022-09-12T20:04:15","date_gmt":"2022-09-13T01:04:15","guid":{"rendered":"https:\/\/interaccionnoticias.com.mx\/?p=50478"},"modified":"2022-09-12T20:04:20","modified_gmt":"2022-09-13T01:04:20","slug":"nombra-el-congreso-de-guerrero-a-titular-en-la-auditoria-superior-del-estado-llevaba-un-ano-con-encargados-de-despacho","status":"publish","type":"post","link":"https:\/\/www.interaccionnoticias.com.mx\/?p=50478","title":{"rendered":"Nombra el Congreso de Guerrero a titular en la Auditor\u00eda Superior del Estado, llevaba un a\u00f1o con \u201cencargados\u201d de despacho"},"content":{"rendered":"\n<p><strong><em>&#8212; Es el economista Marco C\u00e9sar Par\u00eds Peralta Hidalgo, quien logr\u00f3 el respaldo de m\u00e1s de las dos terceras partes del Pleno<\/em><\/strong><\/p>\n\n\n\n<p><strong>Rogelio Agust\u00edn<\/strong><\/p>\n\n\n\n<p>El economista Marco C\u00e9sar Par\u00eds Peralta Hidalgo fue nombrado titular de la Auditor\u00eda Superior del Estado (ASE) con m\u00e1s de las dos terceras partes de los diputados que integran el Pleno, a m\u00e1s de un a\u00f1o de que dicho espacio funcionara solo con encargados de despacho.<\/p>\n\n\n\n<p>El nombramiento de un titular en el \u00f3rgano encargado de la fiscalizaci\u00f3n de los recursos p\u00fablicos, se logr\u00f3 cuatro d\u00edas que el diputado Alfredo S\u00e1nchez Esquivel dejara la coordinaci\u00f3n de la fracci\u00f3n parlamentaria de Morena, lo que implic\u00f3 el relevo en la presidencia de la Junta de Coordinaci\u00f3n Pol\u00edtica (Jucopo) del Poder legislativo de Guerrero.<\/p>\n\n\n\n<p>A cuatro d\u00edas de que la diputada Yoloczin Dom\u00ednguez Serna asumiera la coordinaci\u00f3n parlamentaria de Morena y la presidencia de la Jucopo, las fuerzas politicas que hacen vida en el Congreso de Guerrero acordaron la integraci\u00f3n de una nueva terna que ahora s\u00ed gener\u00f3 consenso,<\/p>\n\n\n\n<p>En diciembre de 2021, un primer intento fracas\u00f3, cuando ninguno de los profesionistas incorporados a la propuesta alcanz\u00f3 la mayor\u00eda calificada que impone el art\u00edculo 85 de la Ley Org\u00e1nica del Poder Legislativo de Guerrero.<\/p>\n\n\n\n<p>La crisis de legalidad en el \u00f3rgano encargado d ela fiscalizaci\u00f3n de los recursos p\u00fablicos comenz\u00f3 en julio de 2020, cuando feneci\u00f3 el periodo para el que fue designado Alfonso Dami\u00e1n Peralta.<\/p>\n\n\n\n<p>Entonces la ASE qued\u00f3 sin titular y trabaj\u00f3 solo con encargados de despacho, pese a los constantes llamados hechos por la fracci\u00f3n parlamentaria del PRI, que en voz de su coordinador, H\u00e9ctor Apreza Patr\u00f3n planteaba la urgencia de restablecer la legalidad en dicho \u00f3rgano auxiliar.<\/p>\n\n\n\n<p>La presi\u00f3n creci\u00f3 cuando la Comisi\u00f3n de Vigilancia, cuyo presidente es el actual dirigente estatal de Morena, Jacinto Gonz\u00e1lez Varona solciit\u00f3 al ex presidente de la Jucopo que diera el cause legal al procedimiento, que se encontraba inconcluso.<\/p>\n\n\n\n<p>En todo momento, el diputado S\u00e1nchez Esquivel se\u00f1al\u00f3 que la ASE pod\u00eda seguir con un encargado de despacho al frente, sin que eso representara un problema de legalidad.<\/p>\n\n\n\n<p><strong>Pero la nueva terna surgi\u00f3<\/strong><\/p>\n\n\n\n<p>La ma\u00f1ana del lunes, la Jucopo y la Mesa Directiva, ambas encabezadas por mujeres; Yolonczin Dominguez Serna y Yaneli Hern\u00e1ndez Mart\u00ednez sesionaron en reuni\u00f3n de conferencia y se consigui\u00f3 consensar la integraci\u00f3n de una nueva terna, de entre la lista de aspirantes que se registraron en la convocatoria lanzada por la 62 Legislatura.<\/p>\n\n\n\n<p>Dicha terna estaba integrada por los profesionistas Carmen Lorena Salgado Guerrero, Florencio Leguizamo Herrera y Marco C\u00e9sar Par\u00eds Peralta Hidalgo.<\/p>\n\n\n\n<p>LaJucopo se reserv\u00f3 el derecho de dar a conocer el dictamen elaborado respecto al tema.<\/p>\n\n\n\n<p>No hubo debate respecto a la integraci\u00f3n de la terna, pero se hizo hincapi\u00e9 en el hecho de que todos cumplieron con los requisitos establecidos en la convocatoria.<\/p>\n\n\n\n<p>En la votaci\u00f3n que se realiz\u00f3 de manera n\u00f3minal, Marco C\u00e9sar Paris obtuvo 40 votos y sus oponentes se quedaron en cero.<\/p>\n\n\n\n<p>Para afianzar el nombramiento, el economista requer\u00eda de 31 votos que representaban la mayor\u00eda calificada, integrada por las dos terceras partes de los 46 diputados que integran el Pleno.<\/p>\n\n\n\n<p>Se abstuvieron cinco: Alfredo S\u00e1nchez Esquivel, ex presidente de la Jucopo; Mar\u00eda Flores Maldonado, Antonio Helguera Jim\u00e9nez, Ang\u00e9liza Espinosa Garc\u00eda y Nora Yaned Vel\u00e1zquez.<\/p>\n\n\n\n<p>Se termin\u00f3 un a\u00f1o en el que la legalidad de los trabajos de la ASE estuvieron cuestionados legalmente, por funcionar con dos encargados de despacho que carec\u00edan de la legitimidad que otorga el Pleno del Congreso.<\/p>\n\n\n\n<p>Todav\u00eda hay m\u00e1s de 30 nombramientos pendientes en el Poder Legislativo de Guerrero, entre ellos Servicios Parlamentarios, el \u00e1rea Financiera, Comunicaci\u00f3n Social y Estudios Parlamentarios.<\/p>\n\n\n\n<figure class=\"wp-block-gallery columns-2 is-cropped wp-block-gallery-1 is-layout-flex wp-block-gallery-is-layout-flex\"><ul class=\"blocks-gallery-grid\"><li class=\"blocks-gallery-item\"><figure><img decoding=\"async\" src=\"data:image\/gif;base64,R0lGODlhAQABAIAAAAAAAP\/\/\/ywAAAAAAQABAAACAUwAOw==\" fifu-lazy=\"1\" fifu-data-sizes=\"auto\" fifu-data-srcset=\"https:\/\/i3.wp.com\/interaccionnoticias.com.mx\/wp-content\/uploads\/2022\/09\/Marco-Cesar-Paris-Peralta-Hidalgo-2-1024x683.jpeg?ssl=1&w=75&resize=75&ssl=1 75w, https:\/\/i3.wp.com\/interaccionnoticias.com.mx\/wp-content\/uploads\/2022\/09\/Marco-Cesar-Paris-Peralta-Hidalgo-2-1024x683.jpeg?ssl=1&w=100&resize=100&ssl=1 100w, https:\/\/i3.wp.com\/interaccionnoticias.com.mx\/wp-content\/uploads\/2022\/09\/Marco-Cesar-Paris-Peralta-Hidalgo-2-1024x683.jpeg?ssl=1&w=150&resize=150&ssl=1 150w, https:\/\/i3.wp.com\/interaccionnoticias.com.mx\/wp-content\/uploads\/2022\/09\/Marco-Cesar-Paris-Peralta-Hidalgo-2-1024x683.jpeg?ssl=1&w=240&resize=240&ssl=1 240w, https:\/\/i3.wp.com\/interaccionnoticias.com.mx\/wp-content\/uploads\/2022\/09\/Marco-Cesar-Paris-Peralta-Hidalgo-2-1024x683.jpeg?ssl=1&w=320&resize=320&ssl=1 320w, https:\/\/i3.wp.com\/interaccionnoticias.com.mx\/wp-content\/uploads\/2022\/09\/Marco-Cesar-Paris-Peralta-Hidalgo-2-1024x683.jpeg?ssl=1&w=500&resize=500&ssl=1 500w, https:\/\/i3.wp.com\/interaccionnoticias.com.mx\/wp-content\/uploads\/2022\/09\/Marco-Cesar-Paris-Peralta-Hidalgo-2-1024x683.jpeg?ssl=1&w=640&resize=640&ssl=1 640w, https:\/\/i3.wp.com\/interaccionnoticias.com.mx\/wp-content\/uploads\/2022\/09\/Marco-Cesar-Paris-Peralta-Hidalgo-2-1024x683.jpeg?ssl=1&w=800&resize=800&ssl=1 800w, https:\/\/i3.wp.com\/interaccionnoticias.com.mx\/wp-content\/uploads\/2022\/09\/Marco-Cesar-Paris-Peralta-Hidalgo-2-1024x683.jpeg?ssl=1&w=1024&resize=1024&ssl=1 1024w, https:\/\/i3.wp.com\/interaccionnoticias.com.mx\/wp-content\/uploads\/2022\/09\/Marco-Cesar-Paris-Peralta-Hidalgo-2-1024x683.jpeg?ssl=1&w=1280&resize=1280&ssl=1 1280w, https:\/\/i3.wp.com\/interaccionnoticias.com.mx\/wp-content\/uploads\/2022\/09\/Marco-Cesar-Paris-Peralta-Hidalgo-2-1024x683.jpeg?ssl=1&w=1600&resize=1600&ssl=1 1600w\" fifu-data-src=\"https:\/\/i3.wp.com\/interaccionnoticias.com.mx\/wp-content\/uploads\/2022\/09\/Marco-Cesar-Paris-Peralta-Hidalgo-2-1024x683.jpeg?ssl=1\" alt=\"\" data-id=\"50480\" data-full-url=\"https:\/\/interaccionnoticias.com.mx\/wp-content\/uploads\/2022\/09\/Marco-Cesar-Paris-Peralta-Hidalgo-2.jpeg\" data-link=\"https:\/\/interaccionnoticias.com.mx\/?attachment_id=50480\" class=\"wp-image-50480\"\/><\/figure><\/li><li class=\"blocks-gallery-item\"><figure><img decoding=\"async\" src=\"data:image\/gif;base64,R0lGODlhAQABAIAAAAAAAP\/\/\/ywAAAAAAQABAAACAUwAOw==\" fifu-lazy=\"1\" fifu-data-sizes=\"auto\" fifu-data-srcset=\"https:\/\/i0.wp.com\/interaccionnoticias.com.mx\/wp-content\/uploads\/2022\/09\/Marco-Cesar-Paris-Peralta-Hidalgo-1-1024x683.jpg?ssl=1&w=75&resize=75&ssl=1 75w, https:\/\/i0.wp.com\/interaccionnoticias.com.mx\/wp-content\/uploads\/2022\/09\/Marco-Cesar-Paris-Peralta-Hidalgo-1-1024x683.jpg?ssl=1&w=100&resize=100&ssl=1 100w, https:\/\/i0.wp.com\/interaccionnoticias.com.mx\/wp-content\/uploads\/2022\/09\/Marco-Cesar-Paris-Peralta-Hidalgo-1-1024x683.jpg?ssl=1&w=150&resize=150&ssl=1 150w, https:\/\/i0.wp.com\/interaccionnoticias.com.mx\/wp-content\/uploads\/2022\/09\/Marco-Cesar-Paris-Peralta-Hidalgo-1-1024x683.jpg?ssl=1&w=240&resize=240&ssl=1 240w, https:\/\/i0.wp.com\/interaccionnoticias.com.mx\/wp-content\/uploads\/2022\/09\/Marco-Cesar-Paris-Peralta-Hidalgo-1-1024x683.jpg?ssl=1&w=320&resize=320&ssl=1 320w, https:\/\/i0.wp.com\/interaccionnoticias.com.mx\/wp-content\/uploads\/2022\/09\/Marco-Cesar-Paris-Peralta-Hidalgo-1-1024x683.jpg?ssl=1&w=500&resize=500&ssl=1 500w, https:\/\/i0.wp.com\/interaccionnoticias.com.mx\/wp-content\/uploads\/2022\/09\/Marco-Cesar-Paris-Peralta-Hidalgo-1-1024x683.jpg?ssl=1&w=640&resize=640&ssl=1 640w, https:\/\/i0.wp.com\/interaccionnoticias.com.mx\/wp-content\/uploads\/2022\/09\/Marco-Cesar-Paris-Peralta-Hidalgo-1-1024x683.jpg?ssl=1&w=800&resize=800&ssl=1 800w, https:\/\/i0.wp.com\/interaccionnoticias.com.mx\/wp-content\/uploads\/2022\/09\/Marco-Cesar-Paris-Peralta-Hidalgo-1-1024x683.jpg?ssl=1&w=1024&resize=1024&ssl=1 1024w, https:\/\/i0.wp.com\/interaccionnoticias.com.mx\/wp-content\/uploads\/2022\/09\/Marco-Cesar-Paris-Peralta-Hidalgo-1-1024x683.jpg?ssl=1&w=1280&resize=1280&ssl=1 1280w, https:\/\/i0.wp.com\/interaccionnoticias.com.mx\/wp-content\/uploads\/2022\/09\/Marco-Cesar-Paris-Peralta-Hidalgo-1-1024x683.jpg?ssl=1&w=1600&resize=1600&ssl=1 1600w\" fifu-data-src=\"https:\/\/i0.wp.com\/interaccionnoticias.com.mx\/wp-content\/uploads\/2022\/09\/Marco-Cesar-Paris-Peralta-Hidalgo-1-1024x683.jpg?ssl=1\" alt=\"\" data-id=\"50479\" data-full-url=\"https:\/\/interaccionnoticias.com.mx\/wp-content\/uploads\/2022\/09\/Marco-Cesar-Paris-Peralta-Hidalgo-1.jpg\" data-link=\"https:\/\/interaccionnoticias.com.mx\/?attachment_id=50479\" class=\"wp-image-50479\"\/><\/figure><\/li><\/ul><\/figure>\n","protected":false},"excerpt":{"rendered":"<p>&#8212; Es el economista Marco C\u00e9sar Par\u00eds Peralta Hidalgo, quien logr\u00f3 el respaldo de m\u00e1s de las dos terceras partes del Pleno Rogelio Agust\u00edn El economista Marco C\u00e9sar Par\u00eds Peralta&hellip; <\/p>\n","protected":false},"author":21,"featured_media":50479,"comment_status":"open","ping_status":"open","sticky":false,"template":"","format":"standard","meta":{"fifu_image_url":"","fifu_image_alt":"","footnotes":""},"categories":[2],"tags":[],"class_list":["post-50478","post","type-post","status-publish","format-standard","has-post-thumbnail","hentry","category-congreso"],"_links":{"self":[{"href":"https:\/\/www.interaccionnoticias.com.mx\/index.php?rest_route=\/wp\/v2\/posts\/50478","targetHints":{"allow":["GET"]}}],"collection":[{"href":"https:\/\/www.interaccionnoticias.com.mx\/index.php?rest_route=\/wp\/v2\/posts"}],"about":[{"href":"https:\/\/www.interaccionnoticias.com.mx\/index.php?rest_route=\/wp\/v2\/types\/post"}],"author":[{"embeddable":true,"href":"https:\/\/www.interaccionnoticias.com.mx\/index.php?rest_route=\/wp\/v2\/users\/21"}],"replies":[{"embeddable":true,"href":"https:\/\/www.interaccionnoticias.com.mx\/index.php?rest_route=%2Fwp%2Fv2%2Fcomments&post=50478"}],"version-history":[{"count":1,"href":"https:\/\/www.interaccionnoticias.com.mx\/index.php?rest_route=\/wp\/v2\/posts\/50478\/revisions"}],"predecessor-version":[{"id":50481,"href":"https:\/\/www.interaccionnoticias.com.mx\/index.php?rest_route=\/wp\/v2\/posts\/50478\/revisions\/50481"}],"wp:featuredmedia":[{"embeddable":true,"href":"https:\/\/www.interaccionnoticias.com.mx\/index.php?rest_route=\/wp\/v2\/media\/50479"}],"wp:attachment":[{"href":"https:\/\/www.interaccionnoticias.com.mx\/index.php?rest_route=%2Fwp%2Fv2%2Fmedia&parent=50478"}],"wp:term":[{"taxonomy":"category","embeddable":true,"href":"https:\/\/www.interaccionnoticias.com.mx\/index.php?rest_route=%2Fwp%2Fv2%2Fcategories&post=50478"},{"taxonomy":"post_tag","embeddable":true,"href":"https:\/\/www.interaccionnoticias.com.mx\/index.php?rest_route=%2Fwp%2Fv2%2Ftags&post=50478"}],"curies":[{"name":"wp","href":"https:\/\/api.w.org\/{rel}","templated":true}]}}