{"id":50463,"date":"2022-09-12T16:33:29","date_gmt":"2022-09-12T21:33:29","guid":{"rendered":"https:\/\/interaccionnoticias.com.mx\/?p=50463"},"modified":"2022-09-12T16:33:33","modified_gmt":"2022-09-12T21:33:33","slug":"balean-vehiculos-en-acapulco","status":"publish","type":"post","link":"https:\/\/www.interaccionnoticias.com.mx\/?p=50463","title":{"rendered":"Balean veh\u00edculos en Acapulco"},"content":{"rendered":"\n<p><strong><em>&#8212; Sin heridos ni muertos en ambas agresiones<br>&#8212; Se halla un fusil de asalto en una camioneta<\/em><\/strong><\/p>\n\n\n\n<p><strong>Javier Trujillo<\/strong><\/p>\n\n\n\n<p>Aca<strong>pulco, Gro. \u2013 <\/strong>Dos veh\u00edculos, uno particular que estaba chocado y con un arma larga, as\u00ed como otro del servicio p\u00fablico, fueron baleados la ma\u00f1ana de este lunes en dos colonias de Acapulco.<\/p>\n\n\n\n<p>Los hechos se registraron en la v\u00eda de cuota de la Autopista del Sol y Viaducto Diamante, donde la Polic\u00eda Estatal, asegur\u00f3 una camioneta que fue baleada y en su interior hab\u00eda un fusil calibre 5.56 mil\u00edmetros.<\/p>\n\n\n\n<p>Se trat\u00f3 de una camioneta marca Jeep, tipo Nitro, la cual presentaba algunos impactos de arma de grueso calibre y fue abandonada a inmediaciones de la v\u00eda de cuota.<\/p>\n\n\n\n<p>Inicialmente se inform\u00f3 que una persona privada de la vida, por lo que se movilizaron los diferentes cuerpos policiales, efectivos del Ej\u00e9rcito Mexicano y la Polic\u00eda Investigadora Ministerial.<\/p>\n\n\n\n<p>Se trata de una camioneta color gris, chocada a orilla de la carretera y abandonada con un arma en su interior, realizan la b\u00fasqueda de alguna persona en la zon,a y no encontraron a nadie, ni rastros de sangre.<\/p>\n\n\n\n<p>Las autoridades ministeriales, realizaron las diligencias y la camioneta fue retirada del lugar por una gr\u00faa.<\/p>\n\n\n\n<p>M\u00e1s tarde, se report\u00f3 que hombres con armas de grueso calibre, balearon taxis amarillos con blanco de la ruta Renacimiento.<\/p>\n\n\n\n<p>Los hechos se registraron en la avenida Granjas de la colonia Huertas de Santa Elena, alrededor de 200 metros de la c\u00e1rcel estatal del Centro de Reinserci\u00f3n Social (Cereso) de Las Cruces en Acapulco.<\/p>\n\n\n\n<p>Muy cerca, tambi\u00e9n del cuartel regional de la Polic\u00eda Estatal, donde quedaron baleados los taxis, blanco con amarillo, del servicio p\u00fablico, con n\u00famero econ\u00f3mico 28-11 placas A-328-FFK, que jalaba otro taxi, n\u00famero econ\u00f3mico 37-69-FFP el cual presenta impactos de arma de fuego.<\/p>\n\n\n\n<p>En la zona de la agresi\u00f3n se encontraron varios casquillos percutidos de arma de grueso calibre, pero no se reportan personas lesionadas ni fallecidas, de acuerdo con las primeras investigaciones.<\/p>\n\n\n\n<p>Hasta el sitio de la agresi\u00f3n armada, tambi\u00e9n se encuentran en el lugar, personal militar y polic\u00edas municipales.<\/p>\n","protected":false},"excerpt":{"rendered":"<p>&#8212; Sin heridos ni muertos en ambas agresiones&#8212; Se halla un fusil de asalto en una camioneta Javier Trujillo Acapulco, Gro. \u2013 Dos veh\u00edculos, uno particular que estaba chocado y&hellip; <\/p>\n","protected":false},"author":3,"featured_media":50464,"comment_status":"open","ping_status":"open","sticky":false,"template":"","format":"standard","meta":{"fifu_image_url":"","fifu_image_alt":"","footnotes":""},"categories":[27],"tags":[],"class_list":["post-50463","post","type-post","status-publish","format-standard","has-post-thumbnail","hentry","category-seguridad-publica"],"_links":{"self":[{"href":"https:\/\/www.interaccionnoticias.com.mx\/index.php?rest_route=\/wp\/v2\/posts\/50463","targetHints":{"allow":["GET"]}}],"collection":[{"href":"https:\/\/www.interaccionnoticias.com.mx\/index.php?rest_route=\/wp\/v2\/posts"}],"about":[{"href":"https:\/\/www.interaccionnoticias.com.mx\/index.php?rest_route=\/wp\/v2\/types\/post"}],"author":[{"embeddable":true,"href":"https:\/\/www.interaccionnoticias.com.mx\/index.php?rest_route=\/wp\/v2\/users\/3"}],"replies":[{"embeddable":true,"href":"https:\/\/www.interaccionnoticias.com.mx\/index.php?rest_route=%2Fwp%2Fv2%2Fcomments&post=50463"}],"version-history":[{"count":1,"href":"https:\/\/www.interaccionnoticias.com.mx\/index.php?rest_route=\/wp\/v2\/posts\/50463\/revisions"}],"predecessor-version":[{"id":50465,"href":"https:\/\/www.interaccionnoticias.com.mx\/index.php?rest_route=\/wp\/v2\/posts\/50463\/revisions\/50465"}],"wp:featuredmedia":[{"embeddable":true,"href":"https:\/\/www.interaccionnoticias.com.mx\/index.php?rest_route=\/wp\/v2\/media\/50464"}],"wp:attachment":[{"href":"https:\/\/www.interaccionnoticias.com.mx\/index.php?rest_route=%2Fwp%2Fv2%2Fmedia&parent=50463"}],"wp:term":[{"taxonomy":"category","embeddable":true,"href":"https:\/\/www.interaccionnoticias.com.mx\/index.php?rest_route=%2Fwp%2Fv2%2Fcategories&post=50463"},{"taxonomy":"post_tag","embeddable":true,"href":"https:\/\/www.interaccionnoticias.com.mx\/index.php?rest_route=%2Fwp%2Fv2%2Ftags&post=50463"}],"curies":[{"name":"wp","href":"https:\/\/api.w.org\/{rel}","templated":true}]}}