{"id":50450,"date":"2022-09-12T13:52:42","date_gmt":"2022-09-12T18:52:42","guid":{"rendered":"https:\/\/interaccionnoticias.com.mx\/?p=50450"},"modified":"2022-09-12T13:52:48","modified_gmt":"2022-09-12T18:52:48","slug":"con-bloqueo-en-la-autopista-del-sol-inician-las-actividades-previas-al-octavo-aniversario-de-la-desaparicion-de-los-43","status":"publish","type":"post","link":"https:\/\/www.interaccionnoticias.com.mx\/?p=50450","title":{"rendered":"Con bloqueo en la Autopista del Sol, inician las actividades previas al octavo aniversario de la desaparici\u00f3n de los 43"},"content":{"rendered":"\n<p>&#8212; Realizan misa en el punto donde fueron asesinados Alexis Herrera Pino y Gabriel Echeverr\u00eda de Jes\u00fas<\/p>\n\n\n\n<p>Jes\u00fas Dorantes<\/p>\n\n\n\n<p>Con una misa en el Parador del Marqu\u00e9s, punto en el que fueron asesinados los estudiantes Alexis Herrera Pino y Gabriel Echeverr\u00eda de Jes\u00fas, este lunes comenzaron las actividades impulsadas por la Normal Rural de Ayotzinapa y el colectivo \u201cNos Faltan 43\u201d, de cara al octavo aniversario de los ataques del 26 de septiembre de 2014.<\/p>\n\n\n\n<p>La primer actividad considerada en el calendario dado a conocer desde la semana pasada, fue una misa encabezada por el sacerdote Jos\u00e9 Filiberto Vel\u00e1zquez, quien al mismo tiempo es vocero del colectivo Minerva Bello.<\/p>\n\n\n\n<p>La ceremonia religiosa se llev\u00f3 a cabo a cabo justo frente a las cruces de Alexis Herrera Pino y Gabriel Echeverr\u00eda de jes\u00fas, los j\u00f3venes asesinados el mediod\u00eda del 12 de diciembre de 2011, en la entrada sur de Chilpancingo.<\/p>\n\n\n\n<p>La circulaci\u00f3n de los vehiculos se interrumpi\u00f3 durante el tiempo en que se desarroll\u00f3 la misa y se escucharon las intervenciones de padres, estudiantes y organizaciones sociales.<\/p>\n\n\n\n<p>Durante su mensaje, el vocero del colectivo \u201cNos Faltan 43\u201d, Melit\u00f3n Ortega se\u00f1al\u00f3 que a pesar del paso del tiempo, los responsables del desalojo del 12 de diciembre se encuentran libres y gozan de impunidad.<\/p>\n\n\n\n<p>Uno de los culpables de esos hechos, dijo que sin duda es el ex gobernador \u00c1ngel Aguirre Rivero, quien se encontraba al frente del titular del Poder Ejecutivo local el d\u00eda en que se desencaden\u00f3 la violencia en la Autopista del Sol.<\/p>\n\n\n\n<p>A\u00fan as\u00ed, manifest\u00f3 que es evidente que \u201clos culpables sienten pasos en la azotea, porque a pesar de los mensajes de amenaza, de la indiferencia de muchas autoridades, las familias afectadas no han dejado de reclamar justicia\u201d.<\/p>\n\n\n\n<p>Respecto a las investigaciones dadas a conocer por la Comisi\u00f3n para la Justicia y la Verdad en el caso Iguala Ayotzinapa, dijo que todav\u00eda no se puede establecer de manera contundente que los 43 estudiantes de la Normal Rural fueron asesinados, como se\u00f1ala en su informe el subsecretario de Gobernaci\u00f3n federal, Alejandro Encinas Rodr\u00edguez.<\/p>\n\n\n\n<p>Melit\u00f3n Ortega hizo un llamado al presidente de la Rep\u00fablica, Andr\u00e9s Manuel L\u00f3pez Obrador para que tenga como prioridad llegar a la verdad y la justicia, no declarar cerrado el caso.<\/p>\n\n\n\n<p>En el mitin que acompa\u00f1\u00f3 la ceremoia religiosa estuvieron representantes de la Federaci\u00f3n de Estudiantes Campesinos Socialistas de M\u00e9xico (FCSM).<br>\u2b55\ufe0f #ConBloqueo en la Autopista del Sol, inician las actividades previas al octavo aniversario de la desaparici\u00f3n de los 43<br>\ud83d\udd34 Realizan misa en el punto donde fueron asesinados Alexis Herrera Pino y Gabriel Echeverr\u00eda de Jes\u00fas<br>\ud83d\udd3b \ud83d\udc47 Informaci\u00f3n \ud83d\udc47 \ud83d\udd3b<\/p>\n\n\n\n<figure class=\"wp-block-gallery columns-2 is-cropped wp-block-gallery-1 is-layout-flex wp-block-gallery-is-layout-flex\"><ul class=\"blocks-gallery-grid\"><li class=\"blocks-gallery-item\"><figure><img decoding=\"async\" src=\"data:image\/gif;base64,R0lGODlhAQABAIAAAAAAAP\/\/\/ywAAAAAAQABAAACAUwAOw==\" fifu-lazy=\"1\" fifu-data-sizes=\"auto\" fifu-data-srcset=\"https:\/\/i0.wp.com\/www.interaccionnoticias.com.mx\/wp-content\/uploads\/2022\/09\/220912-octavo-aniversario-Ayotzinapa-1-1024x683.jpg?ssl=1&w=75&resize=75&ssl=1 75w, https:\/\/i0.wp.com\/www.interaccionnoticias.com.mx\/wp-content\/uploads\/2022\/09\/220912-octavo-aniversario-Ayotzinapa-1-1024x683.jpg?ssl=1&w=100&resize=100&ssl=1 100w, https:\/\/i0.wp.com\/www.interaccionnoticias.com.mx\/wp-content\/uploads\/2022\/09\/220912-octavo-aniversario-Ayotzinapa-1-1024x683.jpg?ssl=1&w=150&resize=150&ssl=1 150w, https:\/\/i0.wp.com\/www.interaccionnoticias.com.mx\/wp-content\/uploads\/2022\/09\/220912-octavo-aniversario-Ayotzinapa-1-1024x683.jpg?ssl=1&w=240&resize=240&ssl=1 240w, https:\/\/i0.wp.com\/www.interaccionnoticias.com.mx\/wp-content\/uploads\/2022\/09\/220912-octavo-aniversario-Ayotzinapa-1-1024x683.jpg?ssl=1&w=320&resize=320&ssl=1 320w, https:\/\/i0.wp.com\/www.interaccionnoticias.com.mx\/wp-content\/uploads\/2022\/09\/220912-octavo-aniversario-Ayotzinapa-1-1024x683.jpg?ssl=1&w=500&resize=500&ssl=1 500w, https:\/\/i0.wp.com\/www.interaccionnoticias.com.mx\/wp-content\/uploads\/2022\/09\/220912-octavo-aniversario-Ayotzinapa-1-1024x683.jpg?ssl=1&w=640&resize=640&ssl=1 640w, https:\/\/i0.wp.com\/www.interaccionnoticias.com.mx\/wp-content\/uploads\/2022\/09\/220912-octavo-aniversario-Ayotzinapa-1-1024x683.jpg?ssl=1&w=800&resize=800&ssl=1 800w, https:\/\/i0.wp.com\/www.interaccionnoticias.com.mx\/wp-content\/uploads\/2022\/09\/220912-octavo-aniversario-Ayotzinapa-1-1024x683.jpg?ssl=1&w=1024&resize=1024&ssl=1 1024w, https:\/\/i0.wp.com\/www.interaccionnoticias.com.mx\/wp-content\/uploads\/2022\/09\/220912-octavo-aniversario-Ayotzinapa-1-1024x683.jpg?ssl=1&w=1280&resize=1280&ssl=1 1280w, https:\/\/i0.wp.com\/www.interaccionnoticias.com.mx\/wp-content\/uploads\/2022\/09\/220912-octavo-aniversario-Ayotzinapa-1-1024x683.jpg?ssl=1&w=1600&resize=1600&ssl=1 1600w\" fifu-data-src=\"https:\/\/i0.wp.com\/www.interaccionnoticias.com.mx\/wp-content\/uploads\/2022\/09\/220912-octavo-aniversario-Ayotzinapa-1-1024x683.jpg?ssl=1\" alt=\"\" data-id=\"50451\" data-full-url=\"https:\/\/www.interaccionnoticias.com.mx\/wp-content\/uploads\/2022\/09\/220912-octavo-aniversario-Ayotzinapa-1.jpg\" data-link=\"https:\/\/www.interaccionnoticias.com.mx\/?attachment_id=50451\" class=\"wp-image-50451\"\/><\/figure><\/li><li class=\"blocks-gallery-item\"><figure><img decoding=\"async\" src=\"data:image\/gif;base64,R0lGODlhAQABAIAAAAAAAP\/\/\/ywAAAAAAQABAAACAUwAOw==\" fifu-lazy=\"1\" fifu-data-sizes=\"auto\" fifu-data-srcset=\"https:\/\/i1.wp.com\/www.interaccionnoticias.com.mx\/wp-content\/uploads\/2022\/09\/220912-octavo-aniversario-Ayotzinapa-1024x683.jpg?ssl=1&w=75&resize=75&ssl=1 75w, https:\/\/i1.wp.com\/www.interaccionnoticias.com.mx\/wp-content\/uploads\/2022\/09\/220912-octavo-aniversario-Ayotzinapa-1024x683.jpg?ssl=1&w=100&resize=100&ssl=1 100w, https:\/\/i1.wp.com\/www.interaccionnoticias.com.mx\/wp-content\/uploads\/2022\/09\/220912-octavo-aniversario-Ayotzinapa-1024x683.jpg?ssl=1&w=150&resize=150&ssl=1 150w, https:\/\/i1.wp.com\/www.interaccionnoticias.com.mx\/wp-content\/uploads\/2022\/09\/220912-octavo-aniversario-Ayotzinapa-1024x683.jpg?ssl=1&w=240&resize=240&ssl=1 240w, https:\/\/i1.wp.com\/www.interaccionnoticias.com.mx\/wp-content\/uploads\/2022\/09\/220912-octavo-aniversario-Ayotzinapa-1024x683.jpg?ssl=1&w=320&resize=320&ssl=1 320w, https:\/\/i1.wp.com\/www.interaccionnoticias.com.mx\/wp-content\/uploads\/2022\/09\/220912-octavo-aniversario-Ayotzinapa-1024x683.jpg?ssl=1&w=500&resize=500&ssl=1 500w, https:\/\/i1.wp.com\/www.interaccionnoticias.com.mx\/wp-content\/uploads\/2022\/09\/220912-octavo-aniversario-Ayotzinapa-1024x683.jpg?ssl=1&w=640&resize=640&ssl=1 640w, https:\/\/i1.wp.com\/www.interaccionnoticias.com.mx\/wp-content\/uploads\/2022\/09\/220912-octavo-aniversario-Ayotzinapa-1024x683.jpg?ssl=1&w=800&resize=800&ssl=1 800w, https:\/\/i1.wp.com\/www.interaccionnoticias.com.mx\/wp-content\/uploads\/2022\/09\/220912-octavo-aniversario-Ayotzinapa-1024x683.jpg?ssl=1&w=1024&resize=1024&ssl=1 1024w, https:\/\/i1.wp.com\/www.interaccionnoticias.com.mx\/wp-content\/uploads\/2022\/09\/220912-octavo-aniversario-Ayotzinapa-1024x683.jpg?ssl=1&w=1280&resize=1280&ssl=1 1280w, https:\/\/i1.wp.com\/www.interaccionnoticias.com.mx\/wp-content\/uploads\/2022\/09\/220912-octavo-aniversario-Ayotzinapa-1024x683.jpg?ssl=1&w=1600&resize=1600&ssl=1 1600w\" fifu-data-src=\"https:\/\/i1.wp.com\/www.interaccionnoticias.com.mx\/wp-content\/uploads\/2022\/09\/220912-octavo-aniversario-Ayotzinapa-1024x683.jpg?ssl=1\" alt=\"\" data-id=\"50452\" data-full-url=\"https:\/\/www.interaccionnoticias.com.mx\/wp-content\/uploads\/2022\/09\/220912-octavo-aniversario-Ayotzinapa.jpg\" data-link=\"https:\/\/www.interaccionnoticias.com.mx\/?attachment_id=50452\" class=\"wp-image-50452\"\/><\/figure><\/li><\/ul><\/figure>\n","protected":false},"excerpt":{"rendered":"<p>&#8212; Realizan misa en el punto donde fueron asesinados Alexis Herrera Pino y Gabriel Echeverr\u00eda de Jes\u00fas Jes\u00fas Dorantes Con una misa en el Parador del Marqu\u00e9s, punto en el&hellip; <\/p>\n","protected":false},"author":8,"featured_media":50451,"comment_status":"open","ping_status":"open","sticky":false,"template":"","format":"standard","meta":{"fifu_image_url":"","fifu_image_alt":"","footnotes":""},"categories":[15],"tags":[],"class_list":["post-50450","post","type-post","status-publish","format-standard","has-post-thumbnail","hentry","category-movimientos-sociales"],"_links":{"self":[{"href":"https:\/\/www.interaccionnoticias.com.mx\/index.php?rest_route=\/wp\/v2\/posts\/50450","targetHints":{"allow":["GET"]}}],"collection":[{"href":"https:\/\/www.interaccionnoticias.com.mx\/index.php?rest_route=\/wp\/v2\/posts"}],"about":[{"href":"https:\/\/www.interaccionnoticias.com.mx\/index.php?rest_route=\/wp\/v2\/types\/post"}],"author":[{"embeddable":true,"href":"https:\/\/www.interaccionnoticias.com.mx\/index.php?rest_route=\/wp\/v2\/users\/8"}],"replies":[{"embeddable":true,"href":"https:\/\/www.interaccionnoticias.com.mx\/index.php?rest_route=%2Fwp%2Fv2%2Fcomments&post=50450"}],"version-history":[{"count":1,"href":"https:\/\/www.interaccionnoticias.com.mx\/index.php?rest_route=\/wp\/v2\/posts\/50450\/revisions"}],"predecessor-version":[{"id":50453,"href":"https:\/\/www.interaccionnoticias.com.mx\/index.php?rest_route=\/wp\/v2\/posts\/50450\/revisions\/50453"}],"wp:featuredmedia":[{"embeddable":true,"href":"https:\/\/www.interaccionnoticias.com.mx\/index.php?rest_route=\/wp\/v2\/media\/50451"}],"wp:attachment":[{"href":"https:\/\/www.interaccionnoticias.com.mx\/index.php?rest_route=%2Fwp%2Fv2%2Fmedia&parent=50450"}],"wp:term":[{"taxonomy":"category","embeddable":true,"href":"https:\/\/www.interaccionnoticias.com.mx\/index.php?rest_route=%2Fwp%2Fv2%2Fcategories&post=50450"},{"taxonomy":"post_tag","embeddable":true,"href":"https:\/\/www.interaccionnoticias.com.mx\/index.php?rest_route=%2Fwp%2Fv2%2Ftags&post=50450"}],"curies":[{"name":"wp","href":"https:\/\/api.w.org\/{rel}","templated":true}]}}