{"id":50444,"date":"2022-09-12T13:18:00","date_gmt":"2022-09-12T18:18:00","guid":{"rendered":"https:\/\/interaccionnoticias.com.mx\/?p=50444"},"modified":"2022-09-12T13:18:05","modified_gmt":"2022-09-12T18:18:05","slug":"guerrero-se-ubica-en-el-lugar-28-en-casos-activos-de-covid-19","status":"publish","type":"post","link":"https:\/\/www.interaccionnoticias.com.mx\/?p=50444","title":{"rendered":"Guerrero se ubica en el lugar 28 en casos activos de Covid-19"},"content":{"rendered":"\n<p><strong><em>&#8212; Reiteran el llamado a la poblaci\u00f3n a mantener las medidas de prevenci\u00f3n<br>&#8212; La pandemia de Covid-19 se concentra en 18 municipios del estado<\/em><\/strong><\/p>\n\n\n\n<p><strong>Chilpancingo, Gro., 12 de septiembre 2022.- <\/strong>Al dar a conocer el informe t\u00e9cnico, la Secretar\u00eda de Salud indic\u00f3 que el estado de Guerrero ocupa el lugar 28 a nivel nacional en incidencia de casos activos de Covid-19 con 111, de los cuales 7 se confirmaron en las \u00faltimas 24 horas, manteniendo una ocupaci\u00f3n hospitalaria del 4 por ciento.<\/p>\n\n\n\n<p>Destac\u00f3 que Guerrero acumula 115,827 casos confirmados y 6,838 defunciones por Covid-19 que se ubican en 18 municipios, principalmente Acapulco, con 37; Chilpancingo, 32; Iguala, 12; Taxco, 7; Tlapa, 6; Chilapa, 3; Alpoyeca, 2; Zihuatanejo, 2; Atoyac, 1, Cocula, 1.<\/p>\n\n\n\n<p>Asimismo, la dependencia estatal se\u00f1al\u00f3 que mantiene en operaci\u00f3n los m\u00f3dulos para la detecci\u00f3n de Covid-19 en las siete jurisdicciones sanitarias, con el fin de conocer los casos activos para brindarles tratamiento m\u00e9dico oportuno.<\/p>\n\n\n\n<p>Por \u00faltimo, reiter\u00f3 el llamado a los guerrerenses a mantener las medidas de prevenci\u00f3n pertinentes para disminuir la incidencia de casos, como el uso de cubrebocas, sana distancia de 1.5 metros, lavado de manos constante con agua y jab\u00f3n y\/o desinfecci\u00f3n con alcohol en gel al 70 por ciento, y evitar aglomeraciones.<\/p>\n","protected":false},"excerpt":{"rendered":"<p>&#8212; Reiteran el llamado a la poblaci\u00f3n a mantener las medidas de prevenci\u00f3n&#8212; La pandemia de Covid-19 se concentra en 18 municipios del estado Chilpancingo, Gro., 12 de septiembre 2022.-&hellip; <\/p>\n","protected":false},"author":19,"featured_media":50445,"comment_status":"open","ping_status":"open","sticky":false,"template":"","format":"standard","meta":{"fifu_image_url":"","fifu_image_alt":"","footnotes":""},"categories":[3],"tags":[],"class_list":["post-50444","post","type-post","status-publish","format-standard","has-post-thumbnail","hentry","category-covid-19"],"_links":{"self":[{"href":"https:\/\/www.interaccionnoticias.com.mx\/index.php?rest_route=\/wp\/v2\/posts\/50444","targetHints":{"allow":["GET"]}}],"collection":[{"href":"https:\/\/www.interaccionnoticias.com.mx\/index.php?rest_route=\/wp\/v2\/posts"}],"about":[{"href":"https:\/\/www.interaccionnoticias.com.mx\/index.php?rest_route=\/wp\/v2\/types\/post"}],"author":[{"embeddable":true,"href":"https:\/\/www.interaccionnoticias.com.mx\/index.php?rest_route=\/wp\/v2\/users\/19"}],"replies":[{"embeddable":true,"href":"https:\/\/www.interaccionnoticias.com.mx\/index.php?rest_route=%2Fwp%2Fv2%2Fcomments&post=50444"}],"version-history":[{"count":1,"href":"https:\/\/www.interaccionnoticias.com.mx\/index.php?rest_route=\/wp\/v2\/posts\/50444\/revisions"}],"predecessor-version":[{"id":50446,"href":"https:\/\/www.interaccionnoticias.com.mx\/index.php?rest_route=\/wp\/v2\/posts\/50444\/revisions\/50446"}],"wp:featuredmedia":[{"embeddable":true,"href":"https:\/\/www.interaccionnoticias.com.mx\/index.php?rest_route=\/wp\/v2\/media\/50445"}],"wp:attachment":[{"href":"https:\/\/www.interaccionnoticias.com.mx\/index.php?rest_route=%2Fwp%2Fv2%2Fmedia&parent=50444"}],"wp:term":[{"taxonomy":"category","embeddable":true,"href":"https:\/\/www.interaccionnoticias.com.mx\/index.php?rest_route=%2Fwp%2Fv2%2Fcategories&post=50444"},{"taxonomy":"post_tag","embeddable":true,"href":"https:\/\/www.interaccionnoticias.com.mx\/index.php?rest_route=%2Fwp%2Fv2%2Ftags&post=50444"}],"curies":[{"name":"wp","href":"https:\/\/api.w.org\/{rel}","templated":true}]}}