{"id":50428,"date":"2022-09-11T20:12:37","date_gmt":"2022-09-12T01:12:37","guid":{"rendered":"https:\/\/interaccionnoticias.com.mx\/?p=50428"},"modified":"2022-09-11T20:12:41","modified_gmt":"2022-09-12T01:12:41","slug":"los-padres-de-los-43-estan-unidos-de-cara-al-octavo-aniversario-de-los-ataques-de-iguala","status":"publish","type":"post","link":"https:\/\/www.interaccionnoticias.com.mx\/?p=50428","title":{"rendered":"Los padres de los 43 est\u00e1n unidos, de cara al octavo aniversario de los ataques de Iguala"},"content":{"rendered":"\n<p><strong><em>&#8212; Los intentos de cooptaci\u00f3n no prosperaron, dice el abogado Vidulfo Rosales<\/em><\/strong><\/p>\n\n\n\n<p><strong>Rogelio Agust\u00edn<\/strong><\/p>\n\n\n\n<p>En el arranque de las movilizaciones que se realizar\u00e1n en Chilpancingo, Iguala y la Ciudad de M\u00e9xico, de cara al octavo aniversario de los ataques del 26 de septiembre de 2014 en Iguala de la Independencia, el abogado Vidulfo Rosales Sierra asegura que el colectivo Nos Faltan 43\u201d se encuentra unido y firme en el objetivo de encontrar verdad y justicia.<\/p>\n\n\n\n<p>Este lunes 12 de septiembre, padres de los 43, estudiantes de la Normal Rural Ra\u00fal Isidro Burgos y organizaciones aliadas habr\u00e1n de comenzar una serie de movilizaciones que culminar\u00e1n el d\u00eda 27.<\/p>\n\n\n\n<p>Rosales Sierra sostiene que los padres de los 43 se mantienen unidos, pese a que desde el inicio de las acciones encaminadas a exigir justicia, se les ha intentado cooptar y dividir.<\/p>\n\n\n\n<p>De hecho, indic\u00f3 que hay un \u201cgrupito\u201d que ha estado operando para que los intentos de algunos actores \u201csiniestros\u201d avancen.<\/p>\n\n\n\n<p>Ese grupo, dijo que es el que en varias ocasiones acudi\u00f3 a dialogar con el ex gobernador Angel Aguirre Rivero y tambi\u00e9n con el empresario Pedro Segura Valladares, hasta terminar en una participaci\u00f3n en la marcha del 28 de agosto pasado, cuando amigos y familiares del ex alcalde de Iguala, Jos\u00e9 Luis Abarca Vel\u00e1zquez marcharon para exigir su libertad.<\/p>\n\n\n\n<p>\u201cEllos son los que han estado m\u00e1s del lado de ver que pasa con cuestiones econ\u00f3micas, pero la mayor\u00eda de los pap\u00e1s no est\u00e1n interesados en esas cosas, ellos se encuentran en la determinaci\u00f3n de seguir adelante, hasta tener verdad y justicia\u201d, asever\u00f3.<\/p>\n\n\n\n<p>Indic\u00f3 que se espera que las actividades programadas en la capital, Iguala y la Ciudad de M\u00e9xico se desarrollen sin complicaciones.<\/p>\n\n\n\n<p>La semana pasada, el secretario general de Gobierno, Luwid Marcial Reynoso N\u00fa\u00f1ez anticip\u00f3 que no se tiene programado ning\u00fan operativo especial, pues las protestas de los pap\u00e1s de los 43 y los estudiantes de la Normal Rural han sido pac\u00edficas.<\/p>\n","protected":false},"excerpt":{"rendered":"<p>&#8212; Los intentos de cooptaci\u00f3n no prosperaron, dice el abogado Vidulfo Rosales Rogelio Agust\u00edn En el arranque de las movilizaciones que se realizar\u00e1n en Chilpancingo, Iguala y la Ciudad de&hellip; <\/p>\n","protected":false},"author":21,"featured_media":50429,"comment_status":"open","ping_status":"open","sticky":false,"template":"","format":"standard","meta":{"fifu_image_url":"","fifu_image_alt":"","footnotes":""},"categories":[15],"tags":[],"class_list":["post-50428","post","type-post","status-publish","format-standard","has-post-thumbnail","hentry","category-movimientos-sociales"],"_links":{"self":[{"href":"https:\/\/www.interaccionnoticias.com.mx\/index.php?rest_route=\/wp\/v2\/posts\/50428","targetHints":{"allow":["GET"]}}],"collection":[{"href":"https:\/\/www.interaccionnoticias.com.mx\/index.php?rest_route=\/wp\/v2\/posts"}],"about":[{"href":"https:\/\/www.interaccionnoticias.com.mx\/index.php?rest_route=\/wp\/v2\/types\/post"}],"author":[{"embeddable":true,"href":"https:\/\/www.interaccionnoticias.com.mx\/index.php?rest_route=\/wp\/v2\/users\/21"}],"replies":[{"embeddable":true,"href":"https:\/\/www.interaccionnoticias.com.mx\/index.php?rest_route=%2Fwp%2Fv2%2Fcomments&post=50428"}],"version-history":[{"count":1,"href":"https:\/\/www.interaccionnoticias.com.mx\/index.php?rest_route=\/wp\/v2\/posts\/50428\/revisions"}],"predecessor-version":[{"id":50430,"href":"https:\/\/www.interaccionnoticias.com.mx\/index.php?rest_route=\/wp\/v2\/posts\/50428\/revisions\/50430"}],"wp:featuredmedia":[{"embeddable":true,"href":"https:\/\/www.interaccionnoticias.com.mx\/index.php?rest_route=\/wp\/v2\/media\/50429"}],"wp:attachment":[{"href":"https:\/\/www.interaccionnoticias.com.mx\/index.php?rest_route=%2Fwp%2Fv2%2Fmedia&parent=50428"}],"wp:term":[{"taxonomy":"category","embeddable":true,"href":"https:\/\/www.interaccionnoticias.com.mx\/index.php?rest_route=%2Fwp%2Fv2%2Fcategories&post=50428"},{"taxonomy":"post_tag","embeddable":true,"href":"https:\/\/www.interaccionnoticias.com.mx\/index.php?rest_route=%2Fwp%2Fv2%2Ftags&post=50428"}],"curies":[{"name":"wp","href":"https:\/\/api.w.org\/{rel}","templated":true}]}}