{"id":50422,"date":"2022-09-11T19:51:01","date_gmt":"2022-09-12T00:51:01","guid":{"rendered":"https:\/\/interaccionnoticias.com.mx\/?p=50422"},"modified":"2022-09-11T19:51:02","modified_gmt":"2022-09-12T00:51:02","slug":"guerrerenses-radicados-en-estados-unidos-celebran-la-renuncia-de-celeste-mora-a-la-secretaria-del-migrante","status":"publish","type":"post","link":"https:\/\/www.interaccionnoticias.com.mx\/?p=50422","title":{"rendered":"Guerrerenses radicados en Estados Unidos celebran la renuncia de Celeste Mora a la Secretaria del Migrante"},"content":{"rendered":"\n<p><strong><em>&#8212; Confian en que ahora s\u00ed haya atenci\u00f3n a ese sector<\/em><\/strong><\/p>\n\n\n\n<p><strong>Rosario Garc\u00eda Orozco<\/strong><\/p>\n\n\n\n<p><strong>Chilpancingo, Gro., 11 de septiembre del 2022.- <\/strong>Tras la renuncia de Celeste Mora Eguiluz como secretaria del Migrante y Asuntos Internacionales (Semai), guerrerenses radicados en Estados Unidos confiaron en que ahora s\u00ed haya atenci\u00f3n a ese sector de la poblaci\u00f3n, que consideran aporta una buena parte a la econom\u00eda de Guerrero.<\/p>\n\n\n\n<p>Gaudencio V\u00e9lez Catal\u00e1n, presidente de la Federaci\u00f3n Guerrerense Binacional hizo votos porque en la Semai quede como secretaria la subsecretaria, Alondra Garc\u00eda Lucatero, \u00abcon ella si tenemos entendimiento, ella s\u00ed nos atiende y adem\u00e1s es la que realmente ha trabajado en esa dependencia por los migrantes\u00bb.<\/p>\n\n\n\n<p>Asegur\u00f3 que la decisi\u00f3n de renunciar de Mora Eguiluz fue \u201cmuy acertada, porque nada hizo por tener un acercamiento entre el nuevo gobierno en el estado de Guerrero y las organizaciones de migrantes\u00bb.<\/p>\n\n\n\n<p>En entrevista telef\u00f3nica, dijo que las organizaciones de guerrerenses que hay en los EUA han tratado de tener una buena relaci\u00f3n con el Gobierno del Estado, lo cual \u201chemos buscado de mil maneras, porque al fin de cuentas tenemos que trabajar de la mano, pero hasta ahora no ha sido posible\u00bb.<\/p>\n\n\n\n<p>Lament\u00f3 que en todo el tiempo que Celeste Mora fungi\u00f3 como titular de la Semai \u00abno se dign\u00f3 a atendernos\u00bb, y ante el constante rechazo de esa funcionaria \u00abquien nos tomaba las llamadas era Garc\u00eda Lucatero, sobre todo a partir de que se reactiv\u00f3 el Programa 2 X 1 de Migrantes, por eso decimos que ser\u00eda excelente que quedara como secretaria la Licenciada Alondra (Garc\u00eda Lucatero)\u00bb.<\/p>\n\n\n\n<p>Consider\u00f3 que ser\u00eda bueno que las organizaciones de Migrantes fueran tomadas en cuenta a la hora de designar al titular de la Semai, porque es la persona con la que van a trabajar, porque \u201ca veces nos imponen a otras personas que no sabemos ni qui\u00e9nes son, ni qu\u00e9 tanto conocimiento tienen de la problem\u00e1tica de los migrantes\u201d.<\/p>\n","protected":false},"excerpt":{"rendered":"<p>&#8212; Confian en que ahora s\u00ed haya atenci\u00f3n a ese sector Rosario Garc\u00eda Orozco Chilpancingo, Gro., 11 de septiembre del 2022.- Tras la renuncia de Celeste Mora Eguiluz como secretaria&hellip; <\/p>\n","protected":false},"author":14,"featured_media":50423,"comment_status":"open","ping_status":"open","sticky":false,"template":"","format":"standard","meta":{"fifu_image_url":"","fifu_image_alt":"","footnotes":""},"categories":[11],"tags":[],"class_list":["post-50422","post","type-post","status-publish","format-standard","has-post-thumbnail","hentry","category-guerrero"],"_links":{"self":[{"href":"https:\/\/www.interaccionnoticias.com.mx\/index.php?rest_route=\/wp\/v2\/posts\/50422","targetHints":{"allow":["GET"]}}],"collection":[{"href":"https:\/\/www.interaccionnoticias.com.mx\/index.php?rest_route=\/wp\/v2\/posts"}],"about":[{"href":"https:\/\/www.interaccionnoticias.com.mx\/index.php?rest_route=\/wp\/v2\/types\/post"}],"author":[{"embeddable":true,"href":"https:\/\/www.interaccionnoticias.com.mx\/index.php?rest_route=\/wp\/v2\/users\/14"}],"replies":[{"embeddable":true,"href":"https:\/\/www.interaccionnoticias.com.mx\/index.php?rest_route=%2Fwp%2Fv2%2Fcomments&post=50422"}],"version-history":[{"count":1,"href":"https:\/\/www.interaccionnoticias.com.mx\/index.php?rest_route=\/wp\/v2\/posts\/50422\/revisions"}],"predecessor-version":[{"id":50424,"href":"https:\/\/www.interaccionnoticias.com.mx\/index.php?rest_route=\/wp\/v2\/posts\/50422\/revisions\/50424"}],"wp:featuredmedia":[{"embeddable":true,"href":"https:\/\/www.interaccionnoticias.com.mx\/index.php?rest_route=\/wp\/v2\/media\/50423"}],"wp:attachment":[{"href":"https:\/\/www.interaccionnoticias.com.mx\/index.php?rest_route=%2Fwp%2Fv2%2Fmedia&parent=50422"}],"wp:term":[{"taxonomy":"category","embeddable":true,"href":"https:\/\/www.interaccionnoticias.com.mx\/index.php?rest_route=%2Fwp%2Fv2%2Fcategories&post=50422"},{"taxonomy":"post_tag","embeddable":true,"href":"https:\/\/www.interaccionnoticias.com.mx\/index.php?rest_route=%2Fwp%2Fv2%2Ftags&post=50422"}],"curies":[{"name":"wp","href":"https:\/\/api.w.org\/{rel}","templated":true}]}}