{"id":50419,"date":"2022-09-11T18:12:26","date_gmt":"2022-09-11T23:12:26","guid":{"rendered":"https:\/\/interaccionnoticias.com.mx\/?p=50419"},"modified":"2022-09-11T18:12:31","modified_gmt":"2022-09-11T23:12:31","slug":"a-partir-de-hoy-lunes-subira-el-precio-del-pasaje-de-chilpancingo-chilapa","status":"publish","type":"post","link":"https:\/\/www.interaccionnoticias.com.mx\/?p=50419","title":{"rendered":"A partir de hoy lunes subir\u00e1 el precio del pasaje de Chilpancingo-Chilapa"},"content":{"rendered":"\n<p><strong><em>&#8212; Permisionarios aseguran que se debe al incremento en los costos de gasolina, refacciones y mantenimiento de sus unidades<\/em><\/strong><\/p>\n\n\n\n<p><strong>Rosario Garc\u00eda Orozco<\/strong><\/p>\n\n\n\n<p><strong>Chilpancingo, Gro., 11 de septiembre de 2022.-<\/strong> A partir de hoy lunes incrementar\u00e1 sus precios el servicio de transporte p\u00fablico de la ruta Chilpancingo-Chilapa subir\u00e1 de cinco a siete pesos, dependiendo del sitio.<\/p>\n\n\n\n<p>Salom\u00f3n Elnecav\u00e9 Korish, Director General de Autotransportes Federal, la empresa de Transportes Guerrerenses de la Monta\u00f1a y las Dos Costas SA. de CV, informo sobre el incremento de tarifas del pasaje, y justifico que el art\u00edculo 61 del reglamento de autotransportes federal y servicios auxiliares as\u00ed lo permite.<\/p>\n\n\n\n<p>\u00abEsto se debe a la necesidad que se tiene por el alto costo del combustible, refacciones y dem\u00e1s insumos para el mantenimiento del parque vehicular en esta empresa, cuyas tarifas ser\u00e1n aplicadas el 12 de septiembre\u201d.<\/p>\n\n\n\n<p>De esa manera, los precios de las rutas de Chilpancingo-Chilapa que ten\u00edan una tarifa de 75 pesos ahora ser\u00e1 de 82 pesos.<br>Mientras que la tarifa para el pasaje Chilpancingo-Tixtla que era de 31 pesos, ahora ser\u00e1 de 34 pesos y Tixtla-Chilapa con tarifa actual de 45 se incrementar\u00e1 a 49 pesos.<\/p>\n\n\n\n<p>Revel\u00f3 que hay ya un documento que est\u00e1 firmado y sellado por Fernando Serna Hern\u00e1ndez, presidente del Consejo de Administraci\u00f3n y las copias est\u00e1n dirigidas a C\u00e9sar Valenzo Sotelo, encargado de la direcci\u00f3n general de centro de la Secretar\u00eda de Comunicaciones y Transporte (SCT) Guerrero y a Edgar Ortega S\u00e1nchez, subdirector de transporte federal centro de la misma dependencia federal.<\/p>\n\n\n\n<p>Se\u00f1al\u00f3 que aunque el documento fue girado desde el mes de enero de este a\u00f1o, el incremento se dar\u00e1 a partir del pr\u00f3ximo lunes doce de septiembre.<\/p>\n\n\n\n<p>Por su parte los permisionarios de las urvans del sitio Morelos subieron solamente cinco pesos el pasaje de Chilpancingo a Chilapa, es decir, de 75 a 80 pesos.<\/p>\n\n\n\n<p>Cabe destacar que esta empresa (Sitio Morelos) no muestra el oficio como lo hacen las urvans de la otra empresa de autotransporte, tambi\u00e9n conocidas como las de la \u201cMonta\u00f1a\u201d, sin embargo, desde hace d\u00edas, y solo cuentan con un \u00abaviso\u00bb sobre que el incremento de costo del servicio es por el aumento a los combustibles.<\/p>\n","protected":false},"excerpt":{"rendered":"<p>&#8212; Permisionarios aseguran que se debe al incremento en los costos de gasolina, refacciones y mantenimiento de sus unidades Rosario Garc\u00eda Orozco Chilpancingo, Gro., 11 de septiembre de 2022.- A&hellip; <\/p>\n","protected":false},"author":14,"featured_media":50420,"comment_status":"open","ping_status":"open","sticky":false,"template":"","format":"standard","meta":{"fifu_image_url":"","fifu_image_alt":"","footnotes":""},"categories":[29],"tags":[],"class_list":["post-50419","post","type-post","status-publish","format-standard","has-post-thumbnail","hentry","category-sociedad"],"_links":{"self":[{"href":"https:\/\/www.interaccionnoticias.com.mx\/index.php?rest_route=\/wp\/v2\/posts\/50419","targetHints":{"allow":["GET"]}}],"collection":[{"href":"https:\/\/www.interaccionnoticias.com.mx\/index.php?rest_route=\/wp\/v2\/posts"}],"about":[{"href":"https:\/\/www.interaccionnoticias.com.mx\/index.php?rest_route=\/wp\/v2\/types\/post"}],"author":[{"embeddable":true,"href":"https:\/\/www.interaccionnoticias.com.mx\/index.php?rest_route=\/wp\/v2\/users\/14"}],"replies":[{"embeddable":true,"href":"https:\/\/www.interaccionnoticias.com.mx\/index.php?rest_route=%2Fwp%2Fv2%2Fcomments&post=50419"}],"version-history":[{"count":1,"href":"https:\/\/www.interaccionnoticias.com.mx\/index.php?rest_route=\/wp\/v2\/posts\/50419\/revisions"}],"predecessor-version":[{"id":50421,"href":"https:\/\/www.interaccionnoticias.com.mx\/index.php?rest_route=\/wp\/v2\/posts\/50419\/revisions\/50421"}],"wp:featuredmedia":[{"embeddable":true,"href":"https:\/\/www.interaccionnoticias.com.mx\/index.php?rest_route=\/wp\/v2\/media\/50420"}],"wp:attachment":[{"href":"https:\/\/www.interaccionnoticias.com.mx\/index.php?rest_route=%2Fwp%2Fv2%2Fmedia&parent=50419"}],"wp:term":[{"taxonomy":"category","embeddable":true,"href":"https:\/\/www.interaccionnoticias.com.mx\/index.php?rest_route=%2Fwp%2Fv2%2Fcategories&post=50419"},{"taxonomy":"post_tag","embeddable":true,"href":"https:\/\/www.interaccionnoticias.com.mx\/index.php?rest_route=%2Fwp%2Fv2%2Ftags&post=50419"}],"curies":[{"name":"wp","href":"https:\/\/api.w.org\/{rel}","templated":true}]}}