{"id":50411,"date":"2022-09-11T16:55:24","date_gmt":"2022-09-11T21:55:24","guid":{"rendered":"https:\/\/interaccionnoticias.com.mx\/?p=50411"},"modified":"2022-09-11T16:55:29","modified_gmt":"2022-09-11T21:55:29","slug":"realiza-gobierno-del-estado-traslado-aereo-urgente-de-recien-nacido-delicado-de-salud-de-tlapa-a-la-ciudad-de-mexico","status":"publish","type":"post","link":"https:\/\/www.interaccionnoticias.com.mx\/?p=50411","title":{"rendered":"Realiza gobierno del estado traslado a\u00e9reo urgente de reci\u00e9n nacido delicado de salud de Tlapa a la Ciudad de M\u00e9xico"},"content":{"rendered":"\n<p><strong><em>&#8212; Ser\u00e1 atendido en el Hospital Infantil de M\u00e9xico<\/em><\/strong><\/p>\n\n\n\n<p><strong>Chilpancingo, Gro., 11 de septiembre del 2022. &#8211; <\/strong>Por instrucciones de la gobernadora, Evelyn Salgado Pineda, la Secretar\u00eda de Seguridad P\u00fablica en coordinaci\u00f3n con la Secretar\u00eda de Salud Estatal, a trav\u00e9s del Centro Regulador de Urgencias M\u00e9dicas (CRUM), se realiz\u00f3 el traslado v\u00eda a\u00e9rea de un reci\u00e9n nacido delicado de salud en Tlapa de Comonfort, regi\u00f3n de la Monta\u00f1a a la Ciudad de M\u00e9xico, para recibir atenci\u00f3n m\u00e9dica especializada.<\/p>\n\n\n\n<p>La tarde de este domingo, un Helic\u00f3ptero marca Bell, modelo UH-1H, matr\u00edcula XC-LLK, de la SSPGro despeg\u00f3 de la Unidad Deportiva del municipio de Tlapa de Comonfort, al mando de un elemento de la unidad a\u00e9rea, y con personal de seguridad y m\u00e9dico, para el traslado urgente de un reci\u00e9n nacido delicado de salud por gastroquistes y peso bajo para su edad gestacional.<\/p>\n\n\n\n<p>A la llegada al aeropuerto de la capital, a trav\u00e9s de una ambulancia terrestre del CRUM, se traslad\u00f3 al Hospital Infantil de M\u00e9xico \u00abFederico G\u00f3mez\u00bb, para su atenci\u00f3n m\u00e9dica inmediata, con el firme compromiso del gobierno del estado de priorizar la atenci\u00f3n a la salud y cuidar de las y los guerrerenses.<\/p>\n","protected":false},"excerpt":{"rendered":"<p>&#8212; Ser\u00e1 atendido en el Hospital Infantil de M\u00e9xico Chilpancingo, Gro., 11 de septiembre del 2022. &#8211; Por instrucciones de la gobernadora, Evelyn Salgado Pineda, la Secretar\u00eda de Seguridad P\u00fablica&hellip; <\/p>\n","protected":false},"author":19,"featured_media":50412,"comment_status":"open","ping_status":"open","sticky":false,"template":"","format":"standard","meta":{"fifu_image_url":"","fifu_image_alt":"","footnotes":""},"categories":[26],"tags":[],"class_list":["post-50411","post","type-post","status-publish","format-standard","has-post-thumbnail","hentry","category-salud"],"_links":{"self":[{"href":"https:\/\/www.interaccionnoticias.com.mx\/index.php?rest_route=\/wp\/v2\/posts\/50411","targetHints":{"allow":["GET"]}}],"collection":[{"href":"https:\/\/www.interaccionnoticias.com.mx\/index.php?rest_route=\/wp\/v2\/posts"}],"about":[{"href":"https:\/\/www.interaccionnoticias.com.mx\/index.php?rest_route=\/wp\/v2\/types\/post"}],"author":[{"embeddable":true,"href":"https:\/\/www.interaccionnoticias.com.mx\/index.php?rest_route=\/wp\/v2\/users\/19"}],"replies":[{"embeddable":true,"href":"https:\/\/www.interaccionnoticias.com.mx\/index.php?rest_route=%2Fwp%2Fv2%2Fcomments&post=50411"}],"version-history":[{"count":1,"href":"https:\/\/www.interaccionnoticias.com.mx\/index.php?rest_route=\/wp\/v2\/posts\/50411\/revisions"}],"predecessor-version":[{"id":50413,"href":"https:\/\/www.interaccionnoticias.com.mx\/index.php?rest_route=\/wp\/v2\/posts\/50411\/revisions\/50413"}],"wp:featuredmedia":[{"embeddable":true,"href":"https:\/\/www.interaccionnoticias.com.mx\/index.php?rest_route=\/wp\/v2\/media\/50412"}],"wp:attachment":[{"href":"https:\/\/www.interaccionnoticias.com.mx\/index.php?rest_route=%2Fwp%2Fv2%2Fmedia&parent=50411"}],"wp:term":[{"taxonomy":"category","embeddable":true,"href":"https:\/\/www.interaccionnoticias.com.mx\/index.php?rest_route=%2Fwp%2Fv2%2Fcategories&post=50411"},{"taxonomy":"post_tag","embeddable":true,"href":"https:\/\/www.interaccionnoticias.com.mx\/index.php?rest_route=%2Fwp%2Fv2%2Ftags&post=50411"}],"curies":[{"name":"wp","href":"https:\/\/api.w.org\/{rel}","templated":true}]}}