{"id":50398,"date":"2022-09-11T16:43:44","date_gmt":"2022-09-11T21:43:44","guid":{"rendered":"https:\/\/interaccionnoticias.com.mx\/?p=50398"},"modified":"2022-09-11T16:43:49","modified_gmt":"2022-09-11T21:43:49","slug":"en-coyuca-de-benitez-asesinan-a-trabajador-de-cfe-guerrero","status":"publish","type":"post","link":"https:\/\/www.interaccionnoticias.com.mx\/?p=50398","title":{"rendered":"En Coyuca de Ben\u00edtez asesinan a trabajador de CFE-Guerrero"},"content":{"rendered":"\n<p><strong><em>&#8212; La v\u00edctima, ten\u00eda varios impactos de arma de fuego<br>&#8212; Podr\u00eda ser delincuencia organizada: dice FGE<\/em><\/strong><\/p>\n\n\n\n<p><strong>Javier Trujillo<\/strong><\/p>\n\n\n\n<p><strong>Acapulco, Gro. \u2013 <\/strong>Tras el crimen de un trabajador de la Comisi\u00f3n Federal de Electricidad en la colonia Charamusca, municipio de Coyuca de Ben\u00edtez, en la Costa Grande, la fiscal\u00eda general del Estado inici\u00f3 las investigaciones.<\/p>\n\n\n\n<p>Un trabajador de la CFE de Guerrero, identificado como Marco Antonio \u201cG\u201d, fue asesinado a varios impactos de arma de grueso calibre en t\u00f3rax, espalda, hombro izquierdo y cabeza, alrededor de las 17:45 horas.<\/p>\n\n\n\n<p>En el lugar del crimen, se encontraron varios casquillos percutidos de arma calibre nueve mil\u00edmetros.<\/p>\n\n\n\n<p>Tras las primeras diligencias, las autoridades no descartan la participaci\u00f3n de grupos de la delincuencia organizada, aunque hasta el momento se desconoce cu\u00e1les podr\u00edan haber sido las causas del crimen.<\/p>\n\n\n\n<p>Agentes de la FGE, acudi\u00f3 a la avenida Las Palmas, de la colonia Charamusca, frente a una tienda de materiales, donde ya se encontraba Sabino Galeana Medina, el hermano de la v\u00edctima que al fallecer ten\u00eda 41 a\u00f1os de edad.<\/p>\n\n\n\n<p>M\u00e1s tarde, tras las primeras diligencias en la escena del crimen, se orden\u00f3 al personal del Servicio M\u00e9dico Forense (SEMEFO), realizar el levantamiento cadav\u00e9rico y tras lo anterior la FGE inicio la Carpeta de Investigaci\u00f3n.<\/p>\n","protected":false},"excerpt":{"rendered":"<p>&#8212; La v\u00edctima, ten\u00eda varios impactos de arma de fuego&#8212; Podr\u00eda ser delincuencia organizada: dice FGE Javier Trujillo Acapulco, Gro. \u2013 Tras el crimen de un trabajador de la Comisi\u00f3n&hellip; <\/p>\n","protected":false},"author":3,"featured_media":50399,"comment_status":"open","ping_status":"open","sticky":false,"template":"","format":"standard","meta":{"fifu_image_url":"","fifu_image_alt":"","footnotes":""},"categories":[27],"tags":[],"class_list":["post-50398","post","type-post","status-publish","format-standard","has-post-thumbnail","hentry","category-seguridad-publica"],"_links":{"self":[{"href":"https:\/\/www.interaccionnoticias.com.mx\/index.php?rest_route=\/wp\/v2\/posts\/50398","targetHints":{"allow":["GET"]}}],"collection":[{"href":"https:\/\/www.interaccionnoticias.com.mx\/index.php?rest_route=\/wp\/v2\/posts"}],"about":[{"href":"https:\/\/www.interaccionnoticias.com.mx\/index.php?rest_route=\/wp\/v2\/types\/post"}],"author":[{"embeddable":true,"href":"https:\/\/www.interaccionnoticias.com.mx\/index.php?rest_route=\/wp\/v2\/users\/3"}],"replies":[{"embeddable":true,"href":"https:\/\/www.interaccionnoticias.com.mx\/index.php?rest_route=%2Fwp%2Fv2%2Fcomments&post=50398"}],"version-history":[{"count":1,"href":"https:\/\/www.interaccionnoticias.com.mx\/index.php?rest_route=\/wp\/v2\/posts\/50398\/revisions"}],"predecessor-version":[{"id":50400,"href":"https:\/\/www.interaccionnoticias.com.mx\/index.php?rest_route=\/wp\/v2\/posts\/50398\/revisions\/50400"}],"wp:featuredmedia":[{"embeddable":true,"href":"https:\/\/www.interaccionnoticias.com.mx\/index.php?rest_route=\/wp\/v2\/media\/50399"}],"wp:attachment":[{"href":"https:\/\/www.interaccionnoticias.com.mx\/index.php?rest_route=%2Fwp%2Fv2%2Fmedia&parent=50398"}],"wp:term":[{"taxonomy":"category","embeddable":true,"href":"https:\/\/www.interaccionnoticias.com.mx\/index.php?rest_route=%2Fwp%2Fv2%2Fcategories&post=50398"},{"taxonomy":"post_tag","embeddable":true,"href":"https:\/\/www.interaccionnoticias.com.mx\/index.php?rest_route=%2Fwp%2Fv2%2Ftags&post=50398"}],"curies":[{"name":"wp","href":"https:\/\/api.w.org\/{rel}","templated":true}]}}