{"id":50388,"date":"2022-09-11T16:34:08","date_gmt":"2022-09-11T21:34:08","guid":{"rendered":"https:\/\/interaccionnoticias.com.mx\/?p=50388"},"modified":"2022-09-11T16:34:13","modified_gmt":"2022-09-11T21:34:13","slug":"promueve-la-gobernadora-evelyn-nueva-universidad-en-la-sierra-de-guerrero-titular-de-la-seg","status":"publish","type":"post","link":"https:\/\/www.interaccionnoticias.com.mx\/?p=50388","title":{"rendered":"Promueve la Gobernadora Evelyn nueva Universidad en la Sierra de Guerrero: Titular de la SEG"},"content":{"rendered":"\n<p><strong>Tlacotepec, Gro., a 08 de septiembre del 2022.<\/strong><\/p>\n\n\n\n<p>La gobernadora, Evelyn Salgado Pineda, cumpli\u00f3 su compromiso de crear una nueva universidad en la Sierra de Guerrero, ubicada en la cabecera de este municipio, cuya inauguraci\u00f3n de cursos se llev\u00f3 a cabo este d\u00eda por parte del Secretario de Educaci\u00f3n en la entidad, Marcial Rodr\u00edguez Salda\u00f1a.<\/p>\n\n\n\n<p>El titular de la SEG manifest\u00f3 ante los estudiantes, decenas de pobladores, representantes de comunidades, docentes y el Cabildo encabezado por su Presidente Municipal, Seraf\u00edn Hern\u00e1ndez Landa, que la gobernadora, Evelyn Salgado, continuar\u00e1 dando todo su apoyo en materia educativa a los habitantes de este municipio de la sierra de nuestra entidad y de todo el Estado.<\/p>\n\n\n\n<p>Rodr\u00edguez Salda\u00f1a expres\u00f3, que por ahora est\u00e1 instituci\u00f3n de educaci\u00f3n superior funcionar\u00e1 como una extensi\u00f3n de la Universidad Tecnolog\u00edca de la Costa Grande y que posteriormente se independizar\u00e1 mediante su propio decreto normativo, manteniendo para su desarrollo una gran coordinaci\u00f3n entre el gobierno del Estado y el Presidente Municipal.<\/p>\n\n\n\n<p>Las carreras que se impartir\u00e1n son: Ingenier\u00eda Metal-Mecanica, Ingenier\u00eda de Desarrollo de Sofware, Ingenier\u00eda en Energ\u00edas Renovables. El ciclo escolar comenz\u00f3 con una matr\u00edcula de 115 estudiantes.<\/p>\n\n\n\n<p>Asistieron al evento, el Subsecretario de Educaci\u00f3n Media Superior y Superior, Mtro. Marco Antonio Marban Galv\u00e1n, el Rector de la Universidad Tecnologica de la Costa Grande, Mtro. Francisco Javier El\u00edsea de la Cruz y servidores p\u00fablicos de la SEG.<\/p>\n\n\n\n<figure class=\"wp-block-gallery columns-2 is-cropped wp-block-gallery-1 is-layout-flex wp-block-gallery-is-layout-flex\"><ul class=\"blocks-gallery-grid\"><li class=\"blocks-gallery-item\"><figure><img decoding=\"async\" src=\"data:image\/gif;base64,R0lGODlhAQABAIAAAAAAAP\/\/\/ywAAAAAAQABAAACAUwAOw==\" fifu-lazy=\"1\" fifu-data-sizes=\"auto\" fifu-data-srcset=\"https:\/\/i1.wp.com\/interaccionnoticias.com.mx\/wp-content\/uploads\/2022\/09\/220911-universidad-en-la-Sierra-de-Guerrero-1-1024x683.jpeg?ssl=1&w=75&resize=75&ssl=1 75w, https:\/\/i1.wp.com\/interaccionnoticias.com.mx\/wp-content\/uploads\/2022\/09\/220911-universidad-en-la-Sierra-de-Guerrero-1-1024x683.jpeg?ssl=1&w=100&resize=100&ssl=1 100w, https:\/\/i1.wp.com\/interaccionnoticias.com.mx\/wp-content\/uploads\/2022\/09\/220911-universidad-en-la-Sierra-de-Guerrero-1-1024x683.jpeg?ssl=1&w=150&resize=150&ssl=1 150w, https:\/\/i1.wp.com\/interaccionnoticias.com.mx\/wp-content\/uploads\/2022\/09\/220911-universidad-en-la-Sierra-de-Guerrero-1-1024x683.jpeg?ssl=1&w=240&resize=240&ssl=1 240w, https:\/\/i1.wp.com\/interaccionnoticias.com.mx\/wp-content\/uploads\/2022\/09\/220911-universidad-en-la-Sierra-de-Guerrero-1-1024x683.jpeg?ssl=1&w=320&resize=320&ssl=1 320w, https:\/\/i1.wp.com\/interaccionnoticias.com.mx\/wp-content\/uploads\/2022\/09\/220911-universidad-en-la-Sierra-de-Guerrero-1-1024x683.jpeg?ssl=1&w=500&resize=500&ssl=1 500w, https:\/\/i1.wp.com\/interaccionnoticias.com.mx\/wp-content\/uploads\/2022\/09\/220911-universidad-en-la-Sierra-de-Guerrero-1-1024x683.jpeg?ssl=1&w=640&resize=640&ssl=1 640w, https:\/\/i1.wp.com\/interaccionnoticias.com.mx\/wp-content\/uploads\/2022\/09\/220911-universidad-en-la-Sierra-de-Guerrero-1-1024x683.jpeg?ssl=1&w=800&resize=800&ssl=1 800w, https:\/\/i1.wp.com\/interaccionnoticias.com.mx\/wp-content\/uploads\/2022\/09\/220911-universidad-en-la-Sierra-de-Guerrero-1-1024x683.jpeg?ssl=1&w=1024&resize=1024&ssl=1 1024w, https:\/\/i1.wp.com\/interaccionnoticias.com.mx\/wp-content\/uploads\/2022\/09\/220911-universidad-en-la-Sierra-de-Guerrero-1-1024x683.jpeg?ssl=1&w=1280&resize=1280&ssl=1 1280w, https:\/\/i1.wp.com\/interaccionnoticias.com.mx\/wp-content\/uploads\/2022\/09\/220911-universidad-en-la-Sierra-de-Guerrero-1-1024x683.jpeg?ssl=1&w=1600&resize=1600&ssl=1 1600w\" fifu-data-src=\"https:\/\/i1.wp.com\/interaccionnoticias.com.mx\/wp-content\/uploads\/2022\/09\/220911-universidad-en-la-Sierra-de-Guerrero-1-1024x683.jpeg?ssl=1\" alt=\"\" data-id=\"50389\" data-full-url=\"https:\/\/interaccionnoticias.com.mx\/wp-content\/uploads\/2022\/09\/220911-universidad-en-la-Sierra-de-Guerrero-1.jpeg\" data-link=\"https:\/\/interaccionnoticias.com.mx\/?attachment_id=50389\" class=\"wp-image-50389\"\/><\/figure><\/li><li class=\"blocks-gallery-item\"><figure><img decoding=\"async\" src=\"data:image\/gif;base64,R0lGODlhAQABAIAAAAAAAP\/\/\/ywAAAAAAQABAAACAUwAOw==\" fifu-lazy=\"1\" fifu-data-sizes=\"auto\" fifu-data-srcset=\"https:\/\/i0.wp.com\/interaccionnoticias.com.mx\/wp-content\/uploads\/2022\/09\/220911-universidad-en-la-Sierra-de-Guerrero-2-1024x683.jpeg?ssl=1&w=75&resize=75&ssl=1 75w, https:\/\/i0.wp.com\/interaccionnoticias.com.mx\/wp-content\/uploads\/2022\/09\/220911-universidad-en-la-Sierra-de-Guerrero-2-1024x683.jpeg?ssl=1&w=100&resize=100&ssl=1 100w, https:\/\/i0.wp.com\/interaccionnoticias.com.mx\/wp-content\/uploads\/2022\/09\/220911-universidad-en-la-Sierra-de-Guerrero-2-1024x683.jpeg?ssl=1&w=150&resize=150&ssl=1 150w, https:\/\/i0.wp.com\/interaccionnoticias.com.mx\/wp-content\/uploads\/2022\/09\/220911-universidad-en-la-Sierra-de-Guerrero-2-1024x683.jpeg?ssl=1&w=240&resize=240&ssl=1 240w, https:\/\/i0.wp.com\/interaccionnoticias.com.mx\/wp-content\/uploads\/2022\/09\/220911-universidad-en-la-Sierra-de-Guerrero-2-1024x683.jpeg?ssl=1&w=320&resize=320&ssl=1 320w, https:\/\/i0.wp.com\/interaccionnoticias.com.mx\/wp-content\/uploads\/2022\/09\/220911-universidad-en-la-Sierra-de-Guerrero-2-1024x683.jpeg?ssl=1&w=500&resize=500&ssl=1 500w, https:\/\/i0.wp.com\/interaccionnoticias.com.mx\/wp-content\/uploads\/2022\/09\/220911-universidad-en-la-Sierra-de-Guerrero-2-1024x683.jpeg?ssl=1&w=640&resize=640&ssl=1 640w, https:\/\/i0.wp.com\/interaccionnoticias.com.mx\/wp-content\/uploads\/2022\/09\/220911-universidad-en-la-Sierra-de-Guerrero-2-1024x683.jpeg?ssl=1&w=800&resize=800&ssl=1 800w, https:\/\/i0.wp.com\/interaccionnoticias.com.mx\/wp-content\/uploads\/2022\/09\/220911-universidad-en-la-Sierra-de-Guerrero-2-1024x683.jpeg?ssl=1&w=1024&resize=1024&ssl=1 1024w, https:\/\/i0.wp.com\/interaccionnoticias.com.mx\/wp-content\/uploads\/2022\/09\/220911-universidad-en-la-Sierra-de-Guerrero-2-1024x683.jpeg?ssl=1&w=1280&resize=1280&ssl=1 1280w, https:\/\/i0.wp.com\/interaccionnoticias.com.mx\/wp-content\/uploads\/2022\/09\/220911-universidad-en-la-Sierra-de-Guerrero-2-1024x683.jpeg?ssl=1&w=1600&resize=1600&ssl=1 1600w\" fifu-data-src=\"https:\/\/i0.wp.com\/interaccionnoticias.com.mx\/wp-content\/uploads\/2022\/09\/220911-universidad-en-la-Sierra-de-Guerrero-2-1024x683.jpeg?ssl=1\" alt=\"\" data-id=\"50390\" data-full-url=\"https:\/\/interaccionnoticias.com.mx\/wp-content\/uploads\/2022\/09\/220911-universidad-en-la-Sierra-de-Guerrero-2.jpeg\" data-link=\"https:\/\/interaccionnoticias.com.mx\/?attachment_id=50390\" class=\"wp-image-50390\"\/><\/figure><\/li><\/ul><\/figure>\n","protected":false},"excerpt":{"rendered":"<p>Tlacotepec, Gro., a 08 de septiembre del 2022. La gobernadora, Evelyn Salgado Pineda, cumpli\u00f3 su compromiso de crear una nueva universidad en la Sierra de Guerrero, ubicada en la cabecera&hellip; <\/p>\n","protected":false},"author":19,"featured_media":50389,"comment_status":"open","ping_status":"open","sticky":false,"template":"","format":"standard","meta":{"fifu_image_url":"","fifu_image_alt":"","footnotes":""},"categories":[6],"tags":[],"class_list":["post-50388","post","type-post","status-publish","format-standard","has-post-thumbnail","hentry","category-educacion"],"_links":{"self":[{"href":"https:\/\/www.interaccionnoticias.com.mx\/index.php?rest_route=\/wp\/v2\/posts\/50388","targetHints":{"allow":["GET"]}}],"collection":[{"href":"https:\/\/www.interaccionnoticias.com.mx\/index.php?rest_route=\/wp\/v2\/posts"}],"about":[{"href":"https:\/\/www.interaccionnoticias.com.mx\/index.php?rest_route=\/wp\/v2\/types\/post"}],"author":[{"embeddable":true,"href":"https:\/\/www.interaccionnoticias.com.mx\/index.php?rest_route=\/wp\/v2\/users\/19"}],"replies":[{"embeddable":true,"href":"https:\/\/www.interaccionnoticias.com.mx\/index.php?rest_route=%2Fwp%2Fv2%2Fcomments&post=50388"}],"version-history":[{"count":1,"href":"https:\/\/www.interaccionnoticias.com.mx\/index.php?rest_route=\/wp\/v2\/posts\/50388\/revisions"}],"predecessor-version":[{"id":50391,"href":"https:\/\/www.interaccionnoticias.com.mx\/index.php?rest_route=\/wp\/v2\/posts\/50388\/revisions\/50391"}],"wp:featuredmedia":[{"embeddable":true,"href":"https:\/\/www.interaccionnoticias.com.mx\/index.php?rest_route=\/wp\/v2\/media\/50389"}],"wp:attachment":[{"href":"https:\/\/www.interaccionnoticias.com.mx\/index.php?rest_route=%2Fwp%2Fv2%2Fmedia&parent=50388"}],"wp:term":[{"taxonomy":"category","embeddable":true,"href":"https:\/\/www.interaccionnoticias.com.mx\/index.php?rest_route=%2Fwp%2Fv2%2Fcategories&post=50388"},{"taxonomy":"post_tag","embeddable":true,"href":"https:\/\/www.interaccionnoticias.com.mx\/index.php?rest_route=%2Fwp%2Fv2%2Ftags&post=50388"}],"curies":[{"name":"wp","href":"https:\/\/api.w.org\/{rel}","templated":true}]}}