{"id":50372,"date":"2022-09-09T18:01:27","date_gmt":"2022-09-09T23:01:27","guid":{"rendered":"https:\/\/interaccionnoticias.com.mx\/?p=50372"},"modified":"2022-09-09T18:01:28","modified_gmt":"2022-09-09T23:01:28","slug":"pagan-viaticos-a-trabajadores-de-pc-y-concluye-su-movilizacion","status":"publish","type":"post","link":"https:\/\/www.interaccionnoticias.com.mx\/?p=50372","title":{"rendered":"Pagan vi\u00e1ticos a trabajadores de PC y concluye su movilizaci\u00f3n"},"content":{"rendered":"\n<p><strong>Rosario Garc\u00eda Orozco<\/strong><\/p>\n\n\n\n<p><strong>Chilpancingo, Gro., 9 de septiembre del 2022.- <\/strong>Los trabajadores de Protecci\u00f3n Civil del estado, que la jornada de este jueves pararon labores y marcharon por calles y avenidas de Chilpancingo, ya recibieron el pago de los vi\u00e1ticos que se les adeudaba desde el mes de agosto, por lo que reanudaron sus actividades.<\/p>\n\n\n\n<p>El Secretario General del sindicato de trabajadores de Protecci\u00f3n Civil, \u00c1ngel Mart\u00ednez Reyes, mencion\u00f3 que luego de la protesta frente a las instalaciones del recinto del del Poder Ejecutivo, se hizo el pago de los vi\u00e1ticos que se adeudaban y solo quedaron unos 30 de sus compa\u00f1eros sin recibir esos dep\u00f3sitos.<\/p>\n\n\n\n<p>\u201cLa movilizaci\u00f3n fue el \u00faltimo m\u00e9todo de presi\u00f3n porque nosotros buscamos primero el di\u00e1logo; desde el d\u00eda primero estuvimos buscando una reuni\u00f3n, buscando a las autoridades, desafortunadamente nos comentaban que el tema estaba en finanzas, pero ya empez\u00f3 a solucionarse\u201d, expuso.<\/p>\n\n\n\n<p>Luego de una reuni\u00f3n con las autoridades estatales, se acord\u00f3 la instalaci\u00f3n de una mesa de negociaci\u00f3n que se llevar\u00e1 a cabo el pr\u00f3ximo lunes, para analizar la posibilidad de que se aprueben bases para los trabajadores que ya tienen ese derecho y se les entreguen uniformes, as\u00ed como se les dote de la herramienta necesaria para sus actividades y se reparen las unidades descompuestas.<\/p>\n\n\n\n<p>Dijo que incluso quienes no est\u00e1n afiliados al Sindicato de Protecci\u00f3n Civil est\u00e1 siendo beneficiados con la movilizaci\u00f3n que protagonizaron, incluidos quienes se deslindaron del movimiento mediante un comunicado en redes sociales, se\u00f1al\u00f3 el dirigente sindical.<\/p>\n\n\n\n<p>\u201cHab\u00eda una molestia generalizada de que mes con mes no hab\u00eda una fecha de pago de vi\u00e1ticos, y es el recurso que utilizan los compa\u00f1eros para su alimentaci\u00f3n, almuerzo comida y cena, hay compa\u00f1eros que los mandan a Tierra Caliente, ahorita van a salir unos compa\u00f1eros que van a dejar insumos a la regi\u00f3n de la Monta\u00f1a donde hubo afectaciones, al estar all\u00e1 es necesario adquirir sus alimentos y sin vi\u00e1ticos es dificil\u201d, apunt\u00f3.<\/p>\n\n\n\n<p>Mart\u00ednez Reyes mencion\u00f3 que a pesar del movimiento que encabezaron, los servicios de Protecci\u00f3n Civil estatal no dejaron de prestarse a la poblaci\u00f3n, pues dijo se trata de un tema de humanidad de quienes laboran en esta dependencia.<\/p>\n\n\n\n<p>\u201cAyer (el jueves) mismo se resolvi\u00f3 el tema, nos recibi\u00f3 el Director de Gobernaci\u00f3n estatal, Francisco Rodr\u00edguez Cisneros, y en poco tiempo se empez\u00f3 a depositar lo que es el viatico de agosto, ya la mayor\u00eda de mis compa\u00f1eros ya cobr\u00f3 ese recurso y est\u00e1n algunos pendientes pero ya queda hoy subsanado el tema de los vi\u00e1ticos\u201d, confi\u00f3.<\/p>\n\n\n\n<p>El beneficio que recibieron del pago de vi\u00e1ticos fue para trabajadores de las 8 regiones del estado donde tiene presencia el Sindicato de Protecci\u00f3n Civil, que suman 345 operativos, de los cuales 250 son agremiados a esa organizaci\u00f3n sindical.<\/p>\n","protected":false},"excerpt":{"rendered":"<p>Rosario Garc\u00eda Orozco Chilpancingo, Gro., 9 de septiembre del 2022.- Los trabajadores de Protecci\u00f3n Civil del estado, que la jornada de este jueves pararon labores y marcharon por calles y&hellip; <\/p>\n","protected":false},"author":14,"featured_media":50373,"comment_status":"open","ping_status":"open","sticky":false,"template":"","format":"standard","meta":{"fifu_image_url":"","fifu_image_alt":"","footnotes":""},"categories":[11],"tags":[],"class_list":["post-50372","post","type-post","status-publish","format-standard","has-post-thumbnail","hentry","category-guerrero"],"_links":{"self":[{"href":"https:\/\/www.interaccionnoticias.com.mx\/index.php?rest_route=\/wp\/v2\/posts\/50372","targetHints":{"allow":["GET"]}}],"collection":[{"href":"https:\/\/www.interaccionnoticias.com.mx\/index.php?rest_route=\/wp\/v2\/posts"}],"about":[{"href":"https:\/\/www.interaccionnoticias.com.mx\/index.php?rest_route=\/wp\/v2\/types\/post"}],"author":[{"embeddable":true,"href":"https:\/\/www.interaccionnoticias.com.mx\/index.php?rest_route=\/wp\/v2\/users\/14"}],"replies":[{"embeddable":true,"href":"https:\/\/www.interaccionnoticias.com.mx\/index.php?rest_route=%2Fwp%2Fv2%2Fcomments&post=50372"}],"version-history":[{"count":1,"href":"https:\/\/www.interaccionnoticias.com.mx\/index.php?rest_route=\/wp\/v2\/posts\/50372\/revisions"}],"predecessor-version":[{"id":50374,"href":"https:\/\/www.interaccionnoticias.com.mx\/index.php?rest_route=\/wp\/v2\/posts\/50372\/revisions\/50374"}],"wp:featuredmedia":[{"embeddable":true,"href":"https:\/\/www.interaccionnoticias.com.mx\/index.php?rest_route=\/wp\/v2\/media\/50373"}],"wp:attachment":[{"href":"https:\/\/www.interaccionnoticias.com.mx\/index.php?rest_route=%2Fwp%2Fv2%2Fmedia&parent=50372"}],"wp:term":[{"taxonomy":"category","embeddable":true,"href":"https:\/\/www.interaccionnoticias.com.mx\/index.php?rest_route=%2Fwp%2Fv2%2Fcategories&post=50372"},{"taxonomy":"post_tag","embeddable":true,"href":"https:\/\/www.interaccionnoticias.com.mx\/index.php?rest_route=%2Fwp%2Fv2%2Ftags&post=50372"}],"curies":[{"name":"wp","href":"https:\/\/api.w.org\/{rel}","templated":true}]}}