{"id":50362,"date":"2022-09-09T15:10:23","date_gmt":"2022-09-09T20:10:23","guid":{"rendered":"https:\/\/interaccionnoticias.com.mx\/?p=50362"},"modified":"2022-09-09T15:10:28","modified_gmt":"2022-09-09T20:10:28","slug":"fge-investiga-el-asesinato-de-ex-funcionario-y-las-lesiones-contra-dos-policias-del-estado-en-copanatoyac","status":"publish","type":"post","link":"https:\/\/www.interaccionnoticias.com.mx\/?p=50362","title":{"rendered":"FGE investiga el asesinato de ex funcionario y las lesiones contra dos polic\u00edas del estado, en Copanatoyac"},"content":{"rendered":"\n<p><strong><em>&#8212; Se confirma despliegue de Guardia Nacional y del Ej\u00e9rcito, en la regi\u00f3n Monta\u00f1a<\/em><\/strong><\/p>\n\n\n\n<p><strong>Rogelio Agust\u00edn Esteban<\/strong><\/p>\n\n\n\n<p>La Fiscal\u00eda General del Estado (FGE) ya investiga los hechos de violencia registrados en Copanatoyac, municipio ubicado en la regi\u00f3n de la Monta\u00f1a, donde un ex funcionario fue asesinado y dos polic\u00edas fueron heridos a balazos, en hechos distintos pero que se registraron casi de manera simult\u00e1nea.<\/p>\n\n\n\n<p>La tarde del viernes 9 de septiembre, la FGE confirm\u00f3 la apertura de una carpeta de investigaci\u00f3n en contra de quienes resulten responsables, por el delito de homicidio por arma de fuego en agravio de Ra\u00fal Jer\u00f3nimo Solano, ex sindico procurador de Copanatoyac.<\/p>\n\n\n\n<p>Dicho crimen se cometi\u00f3 en el tramo carretero de terracer\u00eda que va de Santa Cruz hacia Ocotepec, en Copanatoyac.<\/p>\n\n\n\n<p>La dependencia indic\u00f3 que personal de la Polic\u00eda Ministerial, as\u00ed como de Servicios Periciales acudieron al lugar de los hechos para realizar los actos de investigaci\u00f3n correspondientes, que permitan obtener los datos de prueba necesarios, para esclarecer el il\u00edcito.<\/p>\n\n\n\n<p>Tambi\u00e9n, se\u00f1al\u00f3 que se investiga el delito de homicidio en grado de tentativa y lesiones cometidos en contra de dos elementos de la Polic\u00eda del Estado, en un ataque registrado en la comunidad de Potichan, tambi\u00e9n en Copanotoyac.<\/p>\n\n\n\n<p>Las v\u00edctimas son los elementos Alberto \u201cN\u201d y Rufino \u201cN\u201d, quienes fueron alcanzados por los disparos realizados por un grupo de civiles armados que se parapet\u00f3 en lo alto de un cerro, lo que moviliz\u00f3 a personal del Ej\u00e9rcito Mexicano y la Guardia Nacional.<\/p>\n\n\n\n<p>Hasta el momento no hay detenidos por los hechos registrados la noche del jueves.<\/p>\n","protected":false},"excerpt":{"rendered":"<p>&#8212; Se confirma despliegue de Guardia Nacional y del Ej\u00e9rcito, en la regi\u00f3n Monta\u00f1a Rogelio Agust\u00edn Esteban La Fiscal\u00eda General del Estado (FGE) ya investiga los hechos de violencia registrados&hellip; <\/p>\n","protected":false},"author":21,"featured_media":50317,"comment_status":"open","ping_status":"open","sticky":false,"template":"","format":"standard","meta":{"fifu_image_url":"","fifu_image_alt":"","footnotes":""},"categories":[27],"tags":[],"class_list":["post-50362","post","type-post","status-publish","format-standard","has-post-thumbnail","hentry","category-seguridad-publica"],"_links":{"self":[{"href":"https:\/\/www.interaccionnoticias.com.mx\/index.php?rest_route=\/wp\/v2\/posts\/50362","targetHints":{"allow":["GET"]}}],"collection":[{"href":"https:\/\/www.interaccionnoticias.com.mx\/index.php?rest_route=\/wp\/v2\/posts"}],"about":[{"href":"https:\/\/www.interaccionnoticias.com.mx\/index.php?rest_route=\/wp\/v2\/types\/post"}],"author":[{"embeddable":true,"href":"https:\/\/www.interaccionnoticias.com.mx\/index.php?rest_route=\/wp\/v2\/users\/21"}],"replies":[{"embeddable":true,"href":"https:\/\/www.interaccionnoticias.com.mx\/index.php?rest_route=%2Fwp%2Fv2%2Fcomments&post=50362"}],"version-history":[{"count":1,"href":"https:\/\/www.interaccionnoticias.com.mx\/index.php?rest_route=\/wp\/v2\/posts\/50362\/revisions"}],"predecessor-version":[{"id":50363,"href":"https:\/\/www.interaccionnoticias.com.mx\/index.php?rest_route=\/wp\/v2\/posts\/50362\/revisions\/50363"}],"wp:featuredmedia":[{"embeddable":true,"href":"https:\/\/www.interaccionnoticias.com.mx\/index.php?rest_route=\/wp\/v2\/media\/50317"}],"wp:attachment":[{"href":"https:\/\/www.interaccionnoticias.com.mx\/index.php?rest_route=%2Fwp%2Fv2%2Fmedia&parent=50362"}],"wp:term":[{"taxonomy":"category","embeddable":true,"href":"https:\/\/www.interaccionnoticias.com.mx\/index.php?rest_route=%2Fwp%2Fv2%2Fcategories&post=50362"},{"taxonomy":"post_tag","embeddable":true,"href":"https:\/\/www.interaccionnoticias.com.mx\/index.php?rest_route=%2Fwp%2Fv2%2Ftags&post=50362"}],"curies":[{"name":"wp","href":"https:\/\/api.w.org\/{rel}","templated":true}]}}