{"id":50331,"date":"2022-09-09T12:37:55","date_gmt":"2022-09-09T17:37:55","guid":{"rendered":"https:\/\/interaccionnoticias.com.mx\/?p=50331"},"modified":"2022-09-09T12:38:00","modified_gmt":"2022-09-09T17:38:00","slug":"guerrero-continua-a-la-baja-de-casos-activos-covid-19-se-reportan-142","status":"publish","type":"post","link":"https:\/\/www.interaccionnoticias.com.mx\/?p=50331","title":{"rendered":"Guerrero contin\u00faa a la baja de casos activos COVID-19, se reportan 142"},"content":{"rendered":"\n<p>Chilpancingo, Gro., 09 de septiembre de 2022.- En base al reporte que de manera diaria emite la Secretar\u00eda de Salud Guerrero (SSG) sobre casos activos COVID-19, se\u00f1ala que contin\u00faan a la baja con 142 casos y se mantiene en 5% la ocupaci\u00f3n hospitalaria, resultado de las medidas preventivas implementadas por el gobierno del estado para evitar la propagaci\u00f3n de este virus.<\/p>\n\n\n\n<p>En lo que va de la pandemia, Guerrero acumula 115,858 casos confirmados y 6,838 defunciones, ubic\u00e1ndose en el lugar 28 en incidencia de casos a nivel nacional, en los \u00faltimos d\u00edas no se han reportado defunciones debido a este virus.<\/p>\n\n\n\n<p>A la fecha se reportan 142 casos activos en todo el estado, los cuales se encuentran principalmente en los municipios de: Chilpancingo 47; Acapulco 40; Taxco 18; Iguala 13; Tlapa 4; Zihuatanejo 4; Chilapa 3; Eduardo Neri, 2; Ajuchitl\u00e1n 1; y Alpoyeca, 1.<\/p>\n\n\n\n<p>La Secretar\u00eda de Salud estatal agreg\u00f3 que mantiene m\u00f3dulos de detecci\u00f3n de COVID-19 en las siete regiones sanitarias, con el fin de conocer los casos activos para brindarles tratamiento m\u00e9dico oportuno.<\/p>\n\n\n\n<p>Por \u00faltimo la dependencia estatal reiter\u00f3 el llamado a la poblaci\u00f3n a mantener las medidas preventivas para seguir disminuyendo los casos de COVID-19, como el uso correcto de cubrebocas en espacios cerrados y abiertos, sana distancia de 1.5 metros, lavado de manos constante con agua y jab\u00f3n y\/o desinfecci\u00f3n con alcohol en gel al 70%, y evitar aglomeraciones.<br><\/p>\n","protected":false},"excerpt":{"rendered":"<p>Chilpancingo, Gro., 09 de septiembre de 2022.- En base al reporte que de manera diaria emite la Secretar\u00eda de Salud Guerrero (SSG) sobre casos activos COVID-19, se\u00f1ala que contin\u00faan a&hellip; <\/p>\n","protected":false},"author":19,"featured_media":50332,"comment_status":"open","ping_status":"open","sticky":false,"template":"","format":"standard","meta":{"fifu_image_url":"","fifu_image_alt":"","footnotes":""},"categories":[3],"tags":[],"class_list":["post-50331","post","type-post","status-publish","format-standard","has-post-thumbnail","hentry","category-covid-19"],"_links":{"self":[{"href":"https:\/\/www.interaccionnoticias.com.mx\/index.php?rest_route=\/wp\/v2\/posts\/50331","targetHints":{"allow":["GET"]}}],"collection":[{"href":"https:\/\/www.interaccionnoticias.com.mx\/index.php?rest_route=\/wp\/v2\/posts"}],"about":[{"href":"https:\/\/www.interaccionnoticias.com.mx\/index.php?rest_route=\/wp\/v2\/types\/post"}],"author":[{"embeddable":true,"href":"https:\/\/www.interaccionnoticias.com.mx\/index.php?rest_route=\/wp\/v2\/users\/19"}],"replies":[{"embeddable":true,"href":"https:\/\/www.interaccionnoticias.com.mx\/index.php?rest_route=%2Fwp%2Fv2%2Fcomments&post=50331"}],"version-history":[{"count":1,"href":"https:\/\/www.interaccionnoticias.com.mx\/index.php?rest_route=\/wp\/v2\/posts\/50331\/revisions"}],"predecessor-version":[{"id":50333,"href":"https:\/\/www.interaccionnoticias.com.mx\/index.php?rest_route=\/wp\/v2\/posts\/50331\/revisions\/50333"}],"wp:featuredmedia":[{"embeddable":true,"href":"https:\/\/www.interaccionnoticias.com.mx\/index.php?rest_route=\/wp\/v2\/media\/50332"}],"wp:attachment":[{"href":"https:\/\/www.interaccionnoticias.com.mx\/index.php?rest_route=%2Fwp%2Fv2%2Fmedia&parent=50331"}],"wp:term":[{"taxonomy":"category","embeddable":true,"href":"https:\/\/www.interaccionnoticias.com.mx\/index.php?rest_route=%2Fwp%2Fv2%2Fcategories&post=50331"},{"taxonomy":"post_tag","embeddable":true,"href":"https:\/\/www.interaccionnoticias.com.mx\/index.php?rest_route=%2Fwp%2Fv2%2Ftags&post=50331"}],"curies":[{"name":"wp","href":"https:\/\/api.w.org\/{rel}","templated":true}]}}