{"id":50322,"date":"2022-09-09T12:05:14","date_gmt":"2022-09-09T17:05:14","guid":{"rendered":"https:\/\/interaccionnoticias.com.mx\/?p=50322"},"modified":"2022-09-09T12:05:19","modified_gmt":"2022-09-09T17:05:19","slug":"ex-presidente-de-la-jucopo-del-congreso-de-guerrero-recibe-ofrecimientos-de-cobijo-por-parte-de-dos-partidos-politicos","status":"publish","type":"post","link":"https:\/\/www.interaccionnoticias.com.mx\/?p=50322","title":{"rendered":"Ex presidente de la Jucopo del Congreso de Guerrero, recibe ofrecimientos de cobijo por parte de dos partidos pol\u00edticos"},"content":{"rendered":"\n<p><strong><em>&#8212; Alfredo S\u00e1nchez Esquivel aclara que no piensa abandonar Morena<\/em><\/strong><\/p>\n\n\n\n<p><strong>Rogelio Agust\u00edn<\/strong><\/p>\n\n\n\n<p>La misma jornada en que se separaba de la coordinaci\u00f3n parlamentaria de Morena, as\u00ed como de la presidencia de la Junta de Coordinaci\u00f3n Pol\u00edtica (Jucopo) del Congreso de Guerrero, el diputado Alfredo S\u00e1nchez Esquivel recibi\u00f3 el ofrecimiento de cobijo pol\u00edtico de dos partidos, aunque aclar\u00f3 que se mantendr\u00e1 en la ruta de la Cuarta Transformaci\u00f3n.<\/p>\n\n\n\n<p>A pocas horas de que fuera relevado por su compa\u00f1era Yoloczin Dom\u00ednguez Serna, S\u00e1nchez Esquivel se\u00f1ala que alrededor de las 14:00 horas, cuando apenas hab\u00eda culminado la reuni\u00f3n de la bancada, en la sala Jos\u00e9 Francisco Ruiz Massieu, recibi\u00f3 una primer llamada en la que el dirigente de un partido pol\u00edtico con registro vigente a nivel nacional le manifest\u00f3 su solidaridad, pero tambi\u00e9n le ofreci\u00f3 el cobijo pol\u00edtico, en caso de que decidiera abandonar su partido.<\/p>\n\n\n\n<p>Para las 15:30 horas, cuando Yoloczin Dom\u00ednguez Serna rindi\u00f3 protesta ante el Pleno como presidenta de la Jucopo se produjo la segunda llamada de otro instituto pol\u00edtico con un planteamiento similar.<\/p>\n\n\n\n<p>\u201cLo que yo respond\u00ed (en ambos casos) es que yo no tengo problema, yo soy de Morena, estar\u00e9 en Morena y an\u00edmicamente estoy bien\u201d, manifest\u00f3 en un primer momento.<\/p>\n\n\n\n<p>De hecho, indic\u00f3 que la primera propuesta se gener\u00f3 antes de que entregara a sus compa\u00f1eros de fracci\u00f3n el oficio en el que notifica su determinaci\u00f3n de dejar la coordinaci\u00f3n, lo que muestra el inter\u00e9s que hab\u00eda en el tema.<\/p>\n\n\n\n<p>Agreg\u00f3: \u201cSi algo tienen que saber es que no soy una persona cambiante, que en la adversidad nos podemos forjar y las cosas no nos espantan ni nos desesperan, somos gente paciente, muy paciente\u201d.<\/p>\n\n\n\n<p>Explic\u00f3 que nadie debe tener duda cuando se\u00f1ala en que el \u00fanico partido en el que ha militado es Morena, al que se incorpor\u00f3 en el 2018, cuando particip\u00f3 como candidato a diputado local en la regi\u00f3n de la Costa Chica y que no piensa retirarse.<\/p>\n\n\n\n<p>Indic\u00f3 que el \u00fanico proyecto pol\u00edtico en el que se ha involucrado es el de la Cuarta Transformaci\u00f3n, que encabeza el presidente de la Rep\u00fablica, Andr\u00e9s Manuel L\u00f3pez Obrador y que se mantendr\u00e1 dentro del mismo.<\/p>\n\n\n\n<p>De hecho, de cara a 2024, los \u00fanicos aspirantes con los que ha manifestado coincidencias se encuentran en las filas de Morena, dentro de los presidenciales que se han manejado p\u00fablicamente.<\/p>\n\n\n\n<p>Asegur\u00f3 que la fracci\u00f3n parlamentaria de Morena se encuentra cohesionada y reiter\u00f3 su respaldo para su compa\u00f1era, Yoloczin Dom\u00ednguez, quien ahora ocupa el cargo pol\u00edtico m\u00e1s importante del Congreso de Guerrero.<\/p>\n","protected":false},"excerpt":{"rendered":"<p>&#8212; Alfredo S\u00e1nchez Esquivel aclara que no piensa abandonar Morena Rogelio Agust\u00edn La misma jornada en que se separaba de la coordinaci\u00f3n parlamentaria de Morena, as\u00ed como de la presidencia&hellip; <\/p>\n","protected":false},"author":21,"featured_media":50323,"comment_status":"open","ping_status":"open","sticky":false,"template":"","format":"standard","meta":{"fifu_image_url":"","fifu_image_alt":"","footnotes":""},"categories":[21],"tags":[],"class_list":["post-50322","post","type-post","status-publish","format-standard","has-post-thumbnail","hentry","category-politica"],"_links":{"self":[{"href":"https:\/\/www.interaccionnoticias.com.mx\/index.php?rest_route=\/wp\/v2\/posts\/50322","targetHints":{"allow":["GET"]}}],"collection":[{"href":"https:\/\/www.interaccionnoticias.com.mx\/index.php?rest_route=\/wp\/v2\/posts"}],"about":[{"href":"https:\/\/www.interaccionnoticias.com.mx\/index.php?rest_route=\/wp\/v2\/types\/post"}],"author":[{"embeddable":true,"href":"https:\/\/www.interaccionnoticias.com.mx\/index.php?rest_route=\/wp\/v2\/users\/21"}],"replies":[{"embeddable":true,"href":"https:\/\/www.interaccionnoticias.com.mx\/index.php?rest_route=%2Fwp%2Fv2%2Fcomments&post=50322"}],"version-history":[{"count":1,"href":"https:\/\/www.interaccionnoticias.com.mx\/index.php?rest_route=\/wp\/v2\/posts\/50322\/revisions"}],"predecessor-version":[{"id":50324,"href":"https:\/\/www.interaccionnoticias.com.mx\/index.php?rest_route=\/wp\/v2\/posts\/50322\/revisions\/50324"}],"wp:featuredmedia":[{"embeddable":true,"href":"https:\/\/www.interaccionnoticias.com.mx\/index.php?rest_route=\/wp\/v2\/media\/50323"}],"wp:attachment":[{"href":"https:\/\/www.interaccionnoticias.com.mx\/index.php?rest_route=%2Fwp%2Fv2%2Fmedia&parent=50322"}],"wp:term":[{"taxonomy":"category","embeddable":true,"href":"https:\/\/www.interaccionnoticias.com.mx\/index.php?rest_route=%2Fwp%2Fv2%2Fcategories&post=50322"},{"taxonomy":"post_tag","embeddable":true,"href":"https:\/\/www.interaccionnoticias.com.mx\/index.php?rest_route=%2Fwp%2Fv2%2Ftags&post=50322"}],"curies":[{"name":"wp","href":"https:\/\/api.w.org\/{rel}","templated":true}]}}