{"id":50319,"date":"2022-09-08T22:18:14","date_gmt":"2022-09-09T03:18:14","guid":{"rendered":"https:\/\/interaccionnoticias.com.mx\/?p=50319"},"modified":"2022-09-08T22:18:19","modified_gmt":"2022-09-09T03:18:19","slug":"asesinan-a-una-mujer-policia-de-acapulco","status":"publish","type":"post","link":"https:\/\/www.interaccionnoticias.com.mx\/?p=50319","title":{"rendered":"Asesinan a una mujer polic\u00eda de Acapulco"},"content":{"rendered":"\n<p><strong><em>&#8212; Le disparan ocho veces desde un veh\u00edculo<br>&#8212; Segundo crimen en la misma colonia<\/em><\/strong><\/p>\n\n\n\n<p><strong>Javier Trujillo<\/strong><\/p>\n\n\n\n<p><strong>Acapulco, Gro. &#8211;<\/strong> Una mujer de la Polic\u00eda Municipal, adscrita a la Secretar\u00eda de Seguridad P\u00fablica de Acapulco, fue asesinada a balazos, en las inmediaciones de la populosa colonia Progreso en el puerto de Acapulco.<\/p>\n\n\n\n<p>El homicidio fue reportado a las 18:30 horas este jueves entre la avenida Durango, casi frente al parque recreativo y la agencia funeraria, seg\u00fan las primeras versiones que dieron a agentes de seguridad p\u00fablica del puerto de Acapulco.<\/p>\n\n\n\n<p>En el lugar, personal de los servicios periciales hallaron al menos ocho casquillos percutidos de arma de grueso calibre. Tras la agresi\u00f3n por parte de civiles armados, que al parecer le dispararon, desde un veh\u00edculo en movimiento, a la agente policial que conduc\u00eda su motocicleta.<\/p>\n\n\n\n<p>La f\u00e9mina se confirm\u00f3 fung\u00eda como elemento de la SSP de Acapulco, y fue identificada como Esther \u00abN\u00bb, quien qued\u00f3 tirada en la avenida Durango junto a la motocicleta en la que viajaba.<\/p>\n\n\n\n<p>Fue despu\u00e9s de la agresi\u00f3n que desplegaron un operativo de b\u00fasqueda y localizaci\u00f3n de los presuntos victimarios, por lo que la zona fue acordonada de inmediato por elementos de la Polic\u00eda Investigadora Ministerial.<\/p>\n\n\n\n<p>M\u00e1s tarde, se realiz\u00f3 el levantamiento cadav\u00e9rico y fue trasladada a la morgue por los trabajadores del Servicio M\u00e9dico Forense (SEMEFO), de El Quemado.<\/p>\n","protected":false},"excerpt":{"rendered":"<p>&#8212; Le disparan ocho veces desde un veh\u00edculo&#8212; Segundo crimen en la misma colonia Javier Trujillo Acapulco, Gro. &#8211; Una mujer de la Polic\u00eda Municipal, adscrita a la Secretar\u00eda de&hellip; <\/p>\n","protected":false},"author":3,"featured_media":50320,"comment_status":"open","ping_status":"open","sticky":false,"template":"","format":"standard","meta":{"fifu_image_url":"","fifu_image_alt":"","footnotes":""},"categories":[27],"tags":[],"class_list":["post-50319","post","type-post","status-publish","format-standard","has-post-thumbnail","hentry","category-seguridad-publica"],"_links":{"self":[{"href":"https:\/\/www.interaccionnoticias.com.mx\/index.php?rest_route=\/wp\/v2\/posts\/50319","targetHints":{"allow":["GET"]}}],"collection":[{"href":"https:\/\/www.interaccionnoticias.com.mx\/index.php?rest_route=\/wp\/v2\/posts"}],"about":[{"href":"https:\/\/www.interaccionnoticias.com.mx\/index.php?rest_route=\/wp\/v2\/types\/post"}],"author":[{"embeddable":true,"href":"https:\/\/www.interaccionnoticias.com.mx\/index.php?rest_route=\/wp\/v2\/users\/3"}],"replies":[{"embeddable":true,"href":"https:\/\/www.interaccionnoticias.com.mx\/index.php?rest_route=%2Fwp%2Fv2%2Fcomments&post=50319"}],"version-history":[{"count":1,"href":"https:\/\/www.interaccionnoticias.com.mx\/index.php?rest_route=\/wp\/v2\/posts\/50319\/revisions"}],"predecessor-version":[{"id":50321,"href":"https:\/\/www.interaccionnoticias.com.mx\/index.php?rest_route=\/wp\/v2\/posts\/50319\/revisions\/50321"}],"wp:featuredmedia":[{"embeddable":true,"href":"https:\/\/www.interaccionnoticias.com.mx\/index.php?rest_route=\/wp\/v2\/media\/50320"}],"wp:attachment":[{"href":"https:\/\/www.interaccionnoticias.com.mx\/index.php?rest_route=%2Fwp%2Fv2%2Fmedia&parent=50319"}],"wp:term":[{"taxonomy":"category","embeddable":true,"href":"https:\/\/www.interaccionnoticias.com.mx\/index.php?rest_route=%2Fwp%2Fv2%2Fcategories&post=50319"},{"taxonomy":"post_tag","embeddable":true,"href":"https:\/\/www.interaccionnoticias.com.mx\/index.php?rest_route=%2Fwp%2Fv2%2Ftags&post=50319"}],"curies":[{"name":"wp","href":"https:\/\/api.w.org\/{rel}","templated":true}]}}