{"id":50316,"date":"2022-09-08T22:12:17","date_gmt":"2022-09-09T03:12:17","guid":{"rendered":"https:\/\/interaccionnoticias.com.mx\/?p=50316"},"modified":"2022-09-08T22:12:22","modified_gmt":"2022-09-09T03:12:22","slug":"matan-a-un-ex-sindico-de-copanatoyac-y-dejan-heridos-a-dos-policias-estatales","status":"publish","type":"post","link":"https:\/\/www.interaccionnoticias.com.mx\/?p=50316","title":{"rendered":"Matan a un ex s\u00edndico de Copanatoyac y dejan heridos a dos polic\u00edas estatales"},"content":{"rendered":"\n<p><strong><em>&#8212; Se despliegan militares y personas de la Guardia Nacional en la regi\u00f3n Monta\u00f1a<br>&#8212; Son dos ataques en diferentes puntos de dicho municipio<\/em><\/strong><\/p>\n\n\n\n<p><strong>Rogelio Agust\u00edn<\/strong><\/p>\n\n\n\n<p>Dos hechos violentos registrados en Copanatoyac, municipio ubicado en la Monta\u00f1a de Guerrero dejaron el saldo de un ex s\u00edndico procurador asesinado y dos elementos de la Polic\u00eda del Estado heridos de gravedad, lo que propici\u00f3 el despliegue de personal de la Guardia Nacional (GN) y del Ej\u00e9rcito Mexicano, pues hasta entrada la noche los enfrentamientos segu\u00edan.<\/p>\n\n\n\n<p>El primer reporte se registr\u00f3 despu\u00e9s de las 19:30 horas del jueves en la comunidad de Ocoapa, perteneciente a Copanatoyac, donde el se\u00f1or Ra\u00fal Jer\u00f3nimo Solano, ex s\u00edndico procurador fue asesinado a balazos por desconocidos.<\/p>\n\n\n\n<p>M\u00e1s tarde, un grupo de elementos de la Polic\u00eda del Estado fueron emboscados cuando se dirig\u00edan de la comunidad de Patlicha hacia Potoich\u00e1n, perteneciente al mismo municipio.<\/p>\n\n\n\n<p>Desde un cerro, civiles armados abrieron fuego contra los elementos de la Secretar\u00eda de Seguridad P\u00fablica (SSP), lo que desat\u00f3 un enfrentamiento del que dos uniformados resultaron heridos.<\/p>\n\n\n\n<p>Los lesionados fueron trasladados al Hospital General de Tlapa, donde se les atiende de urgencia.<\/p>\n\n\n\n<p>Se confirm\u00f3 que ante la persistencia de los civiles armados, personal de la Guardia Nacional y del Ej\u00e9rcito Mexicano se trasladaron hacia el punto de la confrontaci\u00f3n.<\/p>\n\n\n\n<p>Se espera que fluya m\u00e1s informaci\u00f3n en el transcurso de la madrugada de este viernes 9 de septiembre.<\/p>\n","protected":false},"excerpt":{"rendered":"<p>&#8212; Se despliegan militares y personas de la Guardia Nacional en la regi\u00f3n Monta\u00f1a&#8212; Son dos ataques en diferentes puntos de dicho municipio Rogelio Agust\u00edn Dos hechos violentos registrados en&hellip; <\/p>\n","protected":false},"author":21,"featured_media":50317,"comment_status":"open","ping_status":"open","sticky":false,"template":"","format":"standard","meta":{"fifu_image_url":"","fifu_image_alt":"","footnotes":""},"categories":[27],"tags":[],"class_list":["post-50316","post","type-post","status-publish","format-standard","has-post-thumbnail","hentry","category-seguridad-publica"],"_links":{"self":[{"href":"https:\/\/www.interaccionnoticias.com.mx\/index.php?rest_route=\/wp\/v2\/posts\/50316","targetHints":{"allow":["GET"]}}],"collection":[{"href":"https:\/\/www.interaccionnoticias.com.mx\/index.php?rest_route=\/wp\/v2\/posts"}],"about":[{"href":"https:\/\/www.interaccionnoticias.com.mx\/index.php?rest_route=\/wp\/v2\/types\/post"}],"author":[{"embeddable":true,"href":"https:\/\/www.interaccionnoticias.com.mx\/index.php?rest_route=\/wp\/v2\/users\/21"}],"replies":[{"embeddable":true,"href":"https:\/\/www.interaccionnoticias.com.mx\/index.php?rest_route=%2Fwp%2Fv2%2Fcomments&post=50316"}],"version-history":[{"count":1,"href":"https:\/\/www.interaccionnoticias.com.mx\/index.php?rest_route=\/wp\/v2\/posts\/50316\/revisions"}],"predecessor-version":[{"id":50318,"href":"https:\/\/www.interaccionnoticias.com.mx\/index.php?rest_route=\/wp\/v2\/posts\/50316\/revisions\/50318"}],"wp:featuredmedia":[{"embeddable":true,"href":"https:\/\/www.interaccionnoticias.com.mx\/index.php?rest_route=\/wp\/v2\/media\/50317"}],"wp:attachment":[{"href":"https:\/\/www.interaccionnoticias.com.mx\/index.php?rest_route=%2Fwp%2Fv2%2Fmedia&parent=50316"}],"wp:term":[{"taxonomy":"category","embeddable":true,"href":"https:\/\/www.interaccionnoticias.com.mx\/index.php?rest_route=%2Fwp%2Fv2%2Fcategories&post=50316"},{"taxonomy":"post_tag","embeddable":true,"href":"https:\/\/www.interaccionnoticias.com.mx\/index.php?rest_route=%2Fwp%2Fv2%2Ftags&post=50316"}],"curies":[{"name":"wp","href":"https:\/\/api.w.org\/{rel}","templated":true}]}}